{"id":9999,"date":"2020-11-19T13:54:04","date_gmt":"2020-11-19T16:54:04","guid":{"rendered":"https:\/\/hostnetart.com.br\/baixada\/mesa-discute-ameaca-de-segunda-onda-do-covid-19\/"},"modified":"2020-11-19T13:54:04","modified_gmt":"2020-11-19T16:54:04","slug":"mesa-discute-ameaca-de-segunda-onda-do-covid-19","status":"publish","type":"post","link":"https:\/\/hostnetart.com.br\/baixada\/mesa-discute-ameaca-de-segunda-onda-do-covid-19\/","title":{"rendered":"Mesa discute amea\u00e7a de segunda onda do Covid 19"},"content":{"rendered":"<p>O Comando Nacional dos Banc\u00e1ri@s\u00a0se re\u00fane nesta sexta-feira (20) com representantes da Federa\u00e7\u00e3o Nacional dos bancos (Fenaban) na Mesa Covid. O encontro ser\u00e1 por teleconfer\u00eancia, a partir das 15h.<\/p>\n<p>\u201cQueremos discutir nessa reuni\u00e3o a prote\u00e7\u00e3o dos banc\u00e1rios e banc\u00e1rias diante do crescimento dos casos de coronav\u00edrus. Para a categoria, \u00e9 essencial que que o teletrabalho seja mantido e at\u00e9 mesmo refor\u00e7ado. Estamos recebendo informa\u00e7\u00f5es preocupantes sobre o aumento do n\u00famero de contamina\u00e7\u00f5es, interna\u00e7\u00f5es e mortes por Covid-19 no Brasil\u201d, afirmou a presidenta da Confedera\u00e7\u00e3o Nacional dos Trabalhadores do Ramo Financeiro (Contraf-CUT), Juvandia Moreira, que tamb\u00e9m \u00e9 uma das coordenadoras do Comando Nacional dos Banc\u00e1rios.<\/p>\n<p>O crescimento de uma segunda onda de covid-19 na Europa alertou o movimento sindical banc\u00e1rio. Levantamento do cons\u00f3rcio de ve\u00edculos de imprensa divulgado no in\u00edcio da tarde desta quarta-feira (18) indica que o Brasil tem 166.847 mortes por coronav\u00edrus. A m\u00e9dia m\u00f3vel de mortes est\u00e1 em alta de 45% em compara\u00e7\u00e3o \u00e0 m\u00e9dia de 14 dias.<\/p>\n<p>No in\u00edcio da pandemia no Brasil, o Comando Nacional dos Banc\u00e1ri@s\u00a0se reuniu a partir de mar\u00e7o com a Fenaban para garantir condi\u00e7\u00f5es m\u00ednimas de seguran\u00e7a para a categoria, entre elas a implementa\u00e7\u00e3o do teletrabalho. Cerca de 300 mil banc\u00e1ri@s\u00a0chegaram a trabalhar em casa como medida de seguran\u00e7a.<\/p>\n<p><strong>Fonte: Contraf-CUT<\/strong><\/p>\n","protected":false},"excerpt":{"rendered":"<p>O Comando Nacional dos Banc\u00e1ri@s\u00a0se re\u00fane nesta sexta-feira (20) com representantes da Federa\u00e7\u00e3o Nacional dos bancos (Fenaban) na Mesa Covid. O encontro ser\u00e1 por teleconfer\u00eancia, a partir das 15h. \u201cQueremos discutir nessa reuni\u00e3o a prote\u00e7\u00e3o dos banc\u00e1rios e banc\u00e1rias diante do crescimento dos casos de coronav\u00edrus. Para a categoria, \u00e9 essencial que que o teletrabalho [&hellip;]<\/p>\n","protected":false},"author":2,"featured_media":9998,"comment_status":"","ping_status":"","sticky":false,"template":"","format":"standard","meta":{"footnotes":""},"categories":[3],"tags":[],"class_list":["post-9999","post","type-post","status-publish","format-standard","has-post-thumbnail","hentry","category-noticias"],"_links":{"self":[{"href":"https:\/\/hostnetart.com.br\/baixada\/wp-json\/wp\/v2\/posts\/9999","targetHints":{"allow":["GET"]}}],"collection":[{"href":"https:\/\/hostnetart.com.br\/baixada\/wp-json\/wp\/v2\/posts"}],"about":[{"href":"https:\/\/hostnetart.com.br\/baixada\/wp-json\/wp\/v2\/types\/post"}],"author":[{"embeddable":true,"href":"https:\/\/hostnetart.com.br\/baixada\/wp-json\/wp\/v2\/users\/2"}],"replies":[{"embeddable":true,"href":"https:\/\/hostnetart.com.br\/baixada\/wp-json\/wp\/v2\/comments?post=9999"}],"version-history":[{"count":0,"href":"https:\/\/hostnetart.com.br\/baixada\/wp-json\/wp\/v2\/posts\/9999\/revisions"}],"wp:featuredmedia":[{"embeddable":true,"href":"https:\/\/hostnetart.com.br\/baixada\/wp-json\/wp\/v2\/media\/9998"}],"wp:attachment":[{"href":"https:\/\/hostnetart.com.br\/baixada\/wp-json\/wp\/v2\/media?parent=9999"}],"wp:term":[{"taxonomy":"category","embeddable":true,"href":"https:\/\/hostnetart.com.br\/baixada\/wp-json\/wp\/v2\/categories?post=9999"},{"taxonomy":"post_tag","embeddable":true,"href":"https:\/\/hostnetart.com.br\/baixada\/wp-json\/wp\/v2\/tags?post=9999"}],"curies":[{"name":"wp","href":"https:\/\/api.w.org\/{rel}","templated":true}]}}