{"id":9991,"date":"2020-11-18T19:05:48","date_gmt":"2020-11-18T22:05:48","guid":{"rendered":"https:\/\/hostnetart.com.br\/baixada\/live-debate-tributacao-de-super-ricos-para-financiar-a-saude-publica\/"},"modified":"2020-11-18T19:05:48","modified_gmt":"2020-11-18T22:05:48","slug":"live-debate-tributacao-de-super-ricos-para-financiar-a-saude-publica","status":"publish","type":"post","link":"https:\/\/hostnetart.com.br\/baixada\/live-debate-tributacao-de-super-ricos-para-financiar-a-saude-publica\/","title":{"rendered":"Live debate tributa\u00e7\u00e3o de super-ricos para financiar a sa\u00fade p\u00fablica"},"content":{"rendered":"<p>A Confedera\u00e7\u00e3o Nacional dos Trabalhadores do Ramo Financeiro (Contraf-CUT) transmite nesta quarta-feira (18), a partir das 18h, um debate sobre a necessidade de \u201cTributar os super-ricos para investir na Sa\u00fade P\u00fablica\u201d. A transmiss\u00e3o ocorre pelo canal\u00a0<a href=\"https:\/\/www.youtube.com\/watch?v=WRGcwqQkuno\" target=\"_blank\" rel=\"noopener noreferrer\">TVContraf<\/a>\u00a0no Youtube e pelas p\u00e1ginas da\u00a0<a href=\"https:\/\/www.facebook.com\/contrafcut\" target=\"_blank\" rel=\"noopener noreferrer\">Contraf-CUT<\/a>\u00a0e da\u00a0<a href=\"https:\/\/www.facebook.com\/tributar.os.super.ricos\/posts\/126081469291785\" target=\"_blank\" rel=\"noopener noreferrer\">Campanha Tributar os Super-Ricos<\/a>\u00a0no Facebook.<\/p>\n<p>Contribuir\u00e3o com o debate a m\u00e9dica e deputada federal Jandira Feghali (PCdoB\/RJ), o economista Paulo Nogueira Batista J\u00fanior, o presidente da Confedera\u00e7\u00e3o Nacional dos Trabalhadores em Seguridade Social (CNTSS), Sandro Alex de Oliveira, o integrante do Conselho Nacional de Sa\u00fade (CNS), Get\u00falio Vargas J\u00fanior, e a presidenta da Confedera\u00e7\u00e3o dos Trabalhadores no Servi\u00e7o P\u00fablico Municipal (Confetam\/CUT), Vilani Oliveira. A media\u00e7\u00e3o ser\u00e1 da jornalista e editora do jornal Brasil de Fato, Katia Marko.<\/p>\n<p>\u201cTodas as pessoas que defendem maior justi\u00e7a social e n\u00e3o querem que os mais pobres sejam ainda mais onerados precisam participar desta e das outras atividades propostas da\u00a0<a href=\"https:\/\/contrafcut.com.br\/noticias\/campanha-cobra-medidas-para-tributar-super-ricos\/?swcfpc=1\" target=\"_blank\" rel=\"noopener noreferrer\">campanha<\/a>\u00a0e difundir ao m\u00e1ximo as propostas para tributar os super-ricos. Temos que fazer com que toda a sociedade entenda essa necessidade e o quanto todos ser\u00e3o beneficiados\u201d, afirmou a presidenta da Confedera\u00e7\u00e3o Nacional dos Trabalhadores do Ramo Financeiro (Contraf-CUT), Juvandia Moreira.<\/p>\n<h3>Salvar vidas<\/h3>\n<p>\u201cTributar os super-ricos \u00e9 urgente e necess\u00e1rio para salvar vidas. Precisamos de mais leitos, mais m\u00e9dicos, mais rem\u00e9dios, mais atendimento b\u00e1sico e mais justi\u00e7a fiscal\u201d, disse a auditora fiscal aposentada da Receita Federal, Maria Regina Paiva Duarte, que \u00e9 presidenta do Instituto de Justi\u00e7a Fiscal (IJF), uma das dezenas de entidades que promovem a campanha.<\/p>\n<p>A campanha apresenta oito projetos, prontos para serem pautados no Congresso Nacional, que elevam a tributa\u00e7\u00e3o de altas rendas e grandes patrim\u00f4nios e reduzem impostos para os mais pobres e pequenas empresas. Se aprovados, taxam apenas 0,03% dos mais ricos e podem aumentar a arrecada\u00e7\u00e3o em quase R$ 300 bilh\u00f5es por ano, quase o dobro do or\u00e7amento previsto para a sa\u00fade p\u00fablica neste ano.<\/p>\n<h3>A sa\u00fade n\u00e3o pode esperar<\/h3>\n<p>Durante a pandemia, 42 bilion\u00e1rios brasileiros aumentaram seu patrim\u00f4nio em R$ 170 bilh\u00f5es, valor superior ao or\u00e7amento da sa\u00fade p\u00fablica no Brasil em 2020. Ao mesmo tempo, nove milh\u00f5es perderam o emprego e milhares de neg\u00f3cios quebraram.<\/p>\n<p>A riqueza total estimada destes 42 bilion\u00e1rios do Brasil \u00e9 de aproximadamente R$ 600 bilh\u00f5es. Com um imposto de 2% sobre essa fortuna daria para arrecadar R$ 12 bilh\u00f5es por ano, valor suficiente para garantir o funcionamento de Unidades de Tratamento Intensivo para 267 mil pacientes infectados pela Covid-19 no pa\u00eds.<\/p>\n<p><strong>Fonte: Contraf-CUT<\/strong><\/p>\n","protected":false},"excerpt":{"rendered":"<p>A Confedera\u00e7\u00e3o Nacional dos Trabalhadores do Ramo Financeiro (Contraf-CUT) transmite nesta quarta-feira (18), a partir das 18h, um debate sobre a necessidade de \u201cTributar os super-ricos para investir na Sa\u00fade P\u00fablica\u201d. A transmiss\u00e3o ocorre pelo canal\u00a0TVContraf\u00a0no Youtube e pelas p\u00e1ginas da\u00a0Contraf-CUT\u00a0e da\u00a0Campanha Tributar os Super-Ricos\u00a0no Facebook. Contribuir\u00e3o com o debate a m\u00e9dica e deputada federal [&hellip;]<\/p>\n","protected":false},"author":2,"featured_media":9990,"comment_status":"","ping_status":"","sticky":false,"template":"","format":"standard","meta":{"footnotes":""},"categories":[3],"tags":[],"class_list":["post-9991","post","type-post","status-publish","format-standard","has-post-thumbnail","hentry","category-noticias"],"_links":{"self":[{"href":"https:\/\/hostnetart.com.br\/baixada\/wp-json\/wp\/v2\/posts\/9991","targetHints":{"allow":["GET"]}}],"collection":[{"href":"https:\/\/hostnetart.com.br\/baixada\/wp-json\/wp\/v2\/posts"}],"about":[{"href":"https:\/\/hostnetart.com.br\/baixada\/wp-json\/wp\/v2\/types\/post"}],"author":[{"embeddable":true,"href":"https:\/\/hostnetart.com.br\/baixada\/wp-json\/wp\/v2\/users\/2"}],"replies":[{"embeddable":true,"href":"https:\/\/hostnetart.com.br\/baixada\/wp-json\/wp\/v2\/comments?post=9991"}],"version-history":[{"count":0,"href":"https:\/\/hostnetart.com.br\/baixada\/wp-json\/wp\/v2\/posts\/9991\/revisions"}],"wp:featuredmedia":[{"embeddable":true,"href":"https:\/\/hostnetart.com.br\/baixada\/wp-json\/wp\/v2\/media\/9990"}],"wp:attachment":[{"href":"https:\/\/hostnetart.com.br\/baixada\/wp-json\/wp\/v2\/media?parent=9991"}],"wp:term":[{"taxonomy":"category","embeddable":true,"href":"https:\/\/hostnetart.com.br\/baixada\/wp-json\/wp\/v2\/categories?post=9991"},{"taxonomy":"post_tag","embeddable":true,"href":"https:\/\/hostnetart.com.br\/baixada\/wp-json\/wp\/v2\/tags?post=9991"}],"curies":[{"name":"wp","href":"https:\/\/api.w.org\/{rel}","templated":true}]}}