{"id":9989,"date":"2020-11-18T03:07:35","date_gmt":"2020-11-18T06:07:35","guid":{"rendered":"https:\/\/hostnetart.com.br\/baixada\/violencia-se-concentra-na-populacao-negra\/"},"modified":"2020-11-18T03:07:35","modified_gmt":"2020-11-18T06:07:35","slug":"violencia-se-concentra-na-populacao-negra","status":"publish","type":"post","link":"https:\/\/hostnetart.com.br\/baixada\/violencia-se-concentra-na-populacao-negra\/","title":{"rendered":"Viol\u00eancia se concentra na popula\u00e7\u00e3o negra"},"content":{"rendered":"<p>Dados do\u00a0<a href=\"https:\/\/www.ipea.gov.br\/atlasviolencia\/download\/24\/atlas-da-violencia-2020\" target=\"_blank\" rel=\"noopener noreferrer\">Atlas da Viol\u00eancia 2020<\/a>\u00a0apontam que a forte concentra\u00e7\u00e3o dos \u00edndices de viol\u00eancia letal na popula\u00e7\u00e3o negra \u00e9 uma das principais express\u00f5es das desigualdades raciais existentes no Brasil. Produzido pelo Instituto de Pesquisa Econ\u00f4mica Aplicada (Ipea), o estudo mostra que os jovens negros s\u00e3o as principais v\u00edtimas de homic\u00eddios no pa\u00eds e que as taxas de mortes de negros apresentam crescimento acentuado ao longo dos anos. Entre os brancos os \u00edndices de mortalidade s\u00e3o muito menores e, em muitos casos, apresentam redu\u00e7\u00e3o.<\/p>\n<p>Para o secret\u00e1rio de Combate ao Racismo da Confedera\u00e7\u00e3o Nacional dos Trabalhadores do Ramo Financeiro (Contraf-CUT), Almir Aguiar, trata-se de um verdadeiro genoc\u00eddio contra o povo negro, respaldado pelo Estado. \u201cO aparato policial do Estado \u00e9 o que mais mata! Esta pol\u00edtica deve ser combatida!\u201d, disse.<\/p>\n<p>Em 2018, 75,7% das v\u00edtimas de homic\u00eddios eram negras (soma de pretos e pardos), uma taxa de homic\u00eddios de 37,8\/100 mil habitantes. Entre os n\u00e3o negros (soma de brancos, amarelos e ind\u00edgenas) a taxa naquele ano foi de 13,9\/100 mil habitantes. \u201cEsse dado mostra que para cada pessoa n\u00e3o negra assassinada, ocorreram 2,7 homic\u00eddios de negros. Ou seja, ocorrem quase tr\u00eas vezes mais homic\u00eddios de negros do que de brancos em nosso pa\u00eds\u201d, disse indignado o dirigente da Contraf-CUT.<\/p>\n<h3><strong>#VidasNegrasImportam<\/strong><\/h3>\n<p>\u201cOs indicadores sociais da viol\u00eancia indicam o aprofundamento das desigualdades raciais. Isso \u00e9 facilmente percept\u00edvel quando observamos que a redu\u00e7\u00e3o da taxa de homic\u00eddios se concentrou entre a popula\u00e7\u00e3o n\u00e3o negra. Entre os negros houve aumento\u201d, ressaltou Almir.<\/p>\n<div class=\"wp-block-image\">\n<figure class=\"alignleft size-large\"><img fetchpriority=\"high\" decoding=\"async\" class=\"wp-image-284780\" src=\"https:\/\/contrafcut.com.br\/wp-content\/uploads\/2020\/11\/card-1711.jpeg\" sizes=\"(max-width: 886px) 100vw, 886px\" srcset=\"https:\/\/contrafcut.com.br\/wp-content\/uploads\/2020\/11\/card-1711.jpeg 886w, https:\/\/contrafcut.com.br\/wp-content\/uploads\/2020\/11\/card-1711-230x230.jpeg 230w, https:\/\/contrafcut.com.br\/wp-content\/uploads\/2020\/11\/card-1711-768x768.jpeg 768w\" alt=\"\" width=\"886\" height=\"886\" \/><\/figure>\n<\/div>\n<p>Os dados do Mapa da Viol\u00eancia 2020 indicam que, entre 2008 e 2018, as taxas de homic\u00eddio apresentaram um aumento de 11,5% para os negros, enquanto para os n\u00e3o negros houve uma diminui\u00e7\u00e3o de 12,9%.<\/p>\n<p>\u201cMas, n\u00e3o podemos deixar de lembrar que o racismo no Brasil \u00e9 estrutural, est\u00e1 presente em toda a estrutura social. E, assim como ocorre no quesito viol\u00eancia,\u00a0<a href=\"https:\/\/contrafcut.com.br\/noticias\/pandemia-descortina-discriminacao-racial-no-mercado-de-trabalho\" target=\"_blank\" rel=\"noopener noreferrer\">quando falamos sobre mercado de trabalho<\/a>\u00a0o negro tamb\u00e9m sofre discrimina\u00e7\u00e3o\u201d, completou o dirigente da Contraf-CUT. \u201cAos negros e negras s\u00e3o destinados os cargos de menor import\u00e2ncia e sal\u00e1rios e s\u00e3o ceifadas todas as possibilidades de ascens\u00e3o profissional\u201d, concluiu.<\/p>\n<h3><strong>Consci\u00eancia Negra<\/strong><\/h3>\n<p>Na sexta-feira, 20 de novembro, a Contraf-CUT, sindicatos e federa\u00e7\u00f5es de trabalhadores do ramo financeiro de todo o pa\u00eds se somam \u00e0s atividades do Dia da Consci\u00eancia Negra e a partir das 12h, realizar\u00e3o uma manifesta\u00e7\u00e3o pelas redes sociais com a hashtag\u00a0<a href=\"https:\/\/twitter.com\/search?q=%23VidasNegrasImportam&amp;src=typed_query\" target=\"_blank\" rel=\"noopener noreferrer\">#VidasNegrasImportam<\/a>.<\/p>\n<p>\u201cVamos utilizar o Twitter para denunciar a discrimina\u00e7\u00e3o racial, que pune a popula\u00e7\u00e3o negra, com a viol\u00eancia, a discrimina no mercado de trabalho e em toda a estrutura da sociedade. N\u00e3o podemos mais tolerar o racismo!\u201d, disse Almir.<\/p>\n<p><strong>Fonte: Contraf-CUT<\/strong><\/p>\n","protected":false},"excerpt":{"rendered":"<p>Dados do\u00a0Atlas da Viol\u00eancia 2020\u00a0apontam que a forte concentra\u00e7\u00e3o dos \u00edndices de viol\u00eancia letal na popula\u00e7\u00e3o negra \u00e9 uma das principais express\u00f5es das desigualdades raciais existentes no Brasil. Produzido pelo Instituto de Pesquisa Econ\u00f4mica Aplicada (Ipea), o estudo mostra que os jovens negros s\u00e3o as principais v\u00edtimas de homic\u00eddios no pa\u00eds e que as taxas [&hellip;]<\/p>\n","protected":false},"author":2,"featured_media":9988,"comment_status":"","ping_status":"","sticky":false,"template":"","format":"standard","meta":{"footnotes":""},"categories":[3],"tags":[],"class_list":["post-9989","post","type-post","status-publish","format-standard","has-post-thumbnail","hentry","category-noticias"],"_links":{"self":[{"href":"https:\/\/hostnetart.com.br\/baixada\/wp-json\/wp\/v2\/posts\/9989","targetHints":{"allow":["GET"]}}],"collection":[{"href":"https:\/\/hostnetart.com.br\/baixada\/wp-json\/wp\/v2\/posts"}],"about":[{"href":"https:\/\/hostnetart.com.br\/baixada\/wp-json\/wp\/v2\/types\/post"}],"author":[{"embeddable":true,"href":"https:\/\/hostnetart.com.br\/baixada\/wp-json\/wp\/v2\/users\/2"}],"replies":[{"embeddable":true,"href":"https:\/\/hostnetart.com.br\/baixada\/wp-json\/wp\/v2\/comments?post=9989"}],"version-history":[{"count":0,"href":"https:\/\/hostnetart.com.br\/baixada\/wp-json\/wp\/v2\/posts\/9989\/revisions"}],"wp:featuredmedia":[{"embeddable":true,"href":"https:\/\/hostnetart.com.br\/baixada\/wp-json\/wp\/v2\/media\/9988"}],"wp:attachment":[{"href":"https:\/\/hostnetart.com.br\/baixada\/wp-json\/wp\/v2\/media?parent=9989"}],"wp:term":[{"taxonomy":"category","embeddable":true,"href":"https:\/\/hostnetart.com.br\/baixada\/wp-json\/wp\/v2\/categories?post=9989"},{"taxonomy":"post_tag","embeddable":true,"href":"https:\/\/hostnetart.com.br\/baixada\/wp-json\/wp\/v2\/tags?post=9989"}],"curies":[{"name":"wp","href":"https:\/\/api.w.org\/{rel}","templated":true}]}}