{"id":9973,"date":"2020-11-13T17:51:48","date_gmt":"2020-11-13T20:51:48","guid":{"rendered":"https:\/\/hostnetart.com.br\/baixada\/sindicato-dos-bancarios-da-baixada-fluminense-reintegra-bancarias-demitidas-durante-a-pandemia\/"},"modified":"2020-11-13T17:51:48","modified_gmt":"2020-11-13T20:51:48","slug":"sindicato-dos-bancarios-da-baixada-fluminense-reintegra-bancarias-demitidas-durante-a-pandemia","status":"publish","type":"post","link":"https:\/\/hostnetart.com.br\/baixada\/sindicato-dos-bancarios-da-baixada-fluminense-reintegra-bancarias-demitidas-durante-a-pandemia\/","title":{"rendered":"Sindicato dos Banc\u00e1rios da Baixada Fluminense reintegra banc\u00e1rias demitidas durante a pandemia"},"content":{"rendered":"<p>O Departamento Jur\u00eddico do Sindicato dos Banc\u00e1rios da Baixada Fluminense, juntamente com a Secretaria de Sa\u00fade e Seguran\u00e7a do Trabalho, conseguiram a reintegra\u00e7\u00e3o de mais duas banc\u00e1rias: uma do Banco Santander e outra do Banco Bradesco. As duas trabalhadoras foram demitidas durante a pandemia,\u00a0desrespeitando um compromisso firmado no come\u00e7o do ano de n\u00e3o haver demiss\u00f5es durante a crise sanit\u00e1ria.<\/p>\n<p>Jane Soraia Pessoa, da ag\u00eancia 129 do Banco Bradesco, e Vanessa Fabro Coelho, da ag\u00eancia 3122 do Banco Santander, ambas em Duque de Caxias, tiveram suas reintegra\u00e7\u00f5es determinadas pelas 7\u00aa e\u00a06\u00aa Varas do Trabalho da cidade, respectivamente.\u00a0<\/p>\n<p>As banc\u00e1rias foram dispensadas, sem motivo aparente, sob a justificativa de que os bancos est\u00e3o passando por uma reestrutura\u00e7\u00e3o, uma reformula\u00e7\u00e3o. Mas, na contram\u00e3o da maioria dos setores da economia, os maiores bancos privados lucraram juntos, em plena crise de sa\u00fade e sanit\u00e1ria,\u00a0R$ 35,7 bilh\u00f5es.\u00a0O Santander \u00e9 o l\u00edder em demiss\u00f5es no Brasil,\u00a0pa\u00eds onde o grupo extrai sua maior fatia de lucro. \u00a0<\/p>\n<p>Em 2020, j\u00e1 s\u00e3o mais de 12 mil banc\u00e1rios e banc\u00e1rios demitidos. S\u00e3o pais e m\u00e3es de fam\u00edlia, que ficaram sem emprego em meio a uma crise sem precedentes.<\/p>\n<p><strong>Demitido? PROCURE O SINDICATO<\/strong><\/p>\n<p>A\u00a0orienta\u00e7\u00e3o \u00e9 que o banc\u00e1rio ou banc\u00e1ria demitida entre em contato com o Sindicato,\u00a0para que a entidade tenha ci\u00eancia da demiss\u00e3o, verifique a regularidade da mesma, assegure o correto pagamento dos direitos\u00a0e subsidie a luta em defesa dos empregos na categoria.\u00a0\u00c9 fundamental um acompanhamento jur\u00eddico para que seus direitos sejam assegurados.\u00a0<\/p>\n<p><strong>SINDICALIZE-SE<\/strong><\/p>\n<p>Ao se sindicalizar, voc\u00ea fortalece a luta pela manuten\u00e7\u00e3o de todos os direitos que conquistamos em d\u00e9cadas de muita mobiliza\u00e7\u00e3o, e ajuda a manter empregos, reajustes salariais, aposentadoria, PLR, vales refei\u00e7\u00e3o, alimenta\u00e7\u00e3o, 13\u00aa cesta, aux\u00edlio-creche bab\u00e1, defender os bancos p\u00fablicos. Al\u00e9m disso, tem descontos em diversas universidades, col\u00e9gios e na\u00a0\u00e1rea\u00a0de lazer.\u00a0<\/p>\n<p>Confira as fotos das reintegra\u00e7\u00f5es em nossas redes sociais.<\/p>\n<p>S\u00f3 a luta te garante! #JuntosSomosFortes<\/p>\n<p>\u00a0<\/p>\n","protected":false},"excerpt":{"rendered":"<p>O Departamento Jur\u00eddico do Sindicato dos Banc\u00e1rios da Baixada Fluminense, juntamente com a Secretaria de Sa\u00fade e Seguran\u00e7a do Trabalho, conseguiram a reintegra\u00e7\u00e3o de mais duas banc\u00e1rias: uma do Banco Santander e outra do Banco Bradesco. As duas trabalhadoras foram demitidas durante a pandemia,\u00a0desrespeitando um compromisso firmado no come\u00e7o do ano de n\u00e3o haver demiss\u00f5es [&hellip;]<\/p>\n","protected":false},"author":2,"featured_media":9972,"comment_status":"","ping_status":"","sticky":false,"template":"","format":"standard","meta":{"footnotes":""},"categories":[3],"tags":[],"class_list":["post-9973","post","type-post","status-publish","format-standard","has-post-thumbnail","hentry","category-noticias"],"_links":{"self":[{"href":"https:\/\/hostnetart.com.br\/baixada\/wp-json\/wp\/v2\/posts\/9973","targetHints":{"allow":["GET"]}}],"collection":[{"href":"https:\/\/hostnetart.com.br\/baixada\/wp-json\/wp\/v2\/posts"}],"about":[{"href":"https:\/\/hostnetart.com.br\/baixada\/wp-json\/wp\/v2\/types\/post"}],"author":[{"embeddable":true,"href":"https:\/\/hostnetart.com.br\/baixada\/wp-json\/wp\/v2\/users\/2"}],"replies":[{"embeddable":true,"href":"https:\/\/hostnetart.com.br\/baixada\/wp-json\/wp\/v2\/comments?post=9973"}],"version-history":[{"count":0,"href":"https:\/\/hostnetart.com.br\/baixada\/wp-json\/wp\/v2\/posts\/9973\/revisions"}],"wp:featuredmedia":[{"embeddable":true,"href":"https:\/\/hostnetart.com.br\/baixada\/wp-json\/wp\/v2\/media\/9972"}],"wp:attachment":[{"href":"https:\/\/hostnetart.com.br\/baixada\/wp-json\/wp\/v2\/media?parent=9973"}],"wp:term":[{"taxonomy":"category","embeddable":true,"href":"https:\/\/hostnetart.com.br\/baixada\/wp-json\/wp\/v2\/categories?post=9973"},{"taxonomy":"post_tag","embeddable":true,"href":"https:\/\/hostnetart.com.br\/baixada\/wp-json\/wp\/v2\/tags?post=9973"}],"curies":[{"name":"wp","href":"https:\/\/api.w.org\/{rel}","templated":true}]}}