{"id":9971,"date":"2020-11-13T03:44:14","date_gmt":"2020-11-13T06:44:14","guid":{"rendered":"https:\/\/hostnetart.com.br\/baixada\/bancarios-se-mobilizam-contra-demissoes-no-bradesco\/"},"modified":"2020-11-13T03:44:14","modified_gmt":"2020-11-13T06:44:14","slug":"bancarios-se-mobilizam-contra-demissoes-no-bradesco","status":"publish","type":"post","link":"https:\/\/hostnetart.com.br\/baixada\/bancarios-se-mobilizam-contra-demissoes-no-bradesco\/","title":{"rendered":"Banc\u00e1rios se mobilizam contra demiss\u00f5es no Bradesco"},"content":{"rendered":"<div class=\"elementor-element elementor-element-194680ec elementor-widget elementor-widget-theme-post-content\" data-id=\"194680ec\" data-element_type=\"widget\" data-widget_type=\"theme-post-content.default\">\n<div class=\"elementor-widget-container\">\n<p><a href=\"https:\/\/contrafcut.com.br\/noticias\/tuitaco-contra-as-demissoes-no-bradesco\/?swcfpc=1\" target=\"_blank\" rel=\"noopener noreferrer\">Um dia depois de figurar entre os assuntos mais comentados do Twitter no Brasil com as hashtag #QueVergonhaBradesco e #QuemLucraN\u00e3oDemite<\/a>, os banc\u00e1rios de todo o pa\u00eds voltaram a chamar a aten\u00e7\u00e3o nesta quinta-feira (12) com o\u00a0<a href=\"https:\/\/contrafcut.com.br\/fotos\/dia-nacional-de-luta-contra-as-demissoes-no-bradesco\/?swcfpc=1\" target=\"_blank\" rel=\"noopener noreferrer\">Dia Nacional de Luta contra as demiss\u00f5es do Bradesco<\/a>. Manifesta\u00e7\u00f5es nas portas das ag\u00eancias e dos departamentos do banco Bradesco protestaram contra as demiss\u00f5es realizadas pelo banco neste ano.<\/p>\n<p>Para Magaly Fagundes, coordenadora da Comiss\u00e3o de Organiza\u00e7\u00e3o dos Empregados (COE) do Bradesco, n\u00e3o h\u00e1 justificativa para que a empresa de capital aberto que mais lucrou na Am\u00e9rica Latina no primeiro semestre continue colocando pais e m\u00e3es de fam\u00edlia no olho da rua. \u201cEstamos em luta e n\u00e3o mediremos esfor\u00e7os para barrar esta falta de responsabilidade social\u201d, disse.<\/p>\n<p>A a\u00e7\u00e3o faz parte da campanha organizada pela Confedera\u00e7\u00e3o Nacional dos Trabalhadores do Ramo Financeiro (Contraf-CUT) e sindicatos dos banc\u00e1rios, que denunciam a quebra do compromisso de n\u00e3o realizar demiss\u00f5es durante a pandemia, assumido pelo banco e pela Federa\u00e7\u00e3o Nacional dos Bancos (Fenaban) em mesa de negocia\u00e7\u00e3o com o Comando Nacional Banc\u00e1rio. \u201cN\u00e3o nos daremos por vencidos at\u00e9 que todos os bancos recuem e parem de demitir\u201d, completou Magaly.<\/p>\n<p>O Bradesco j\u00e1 demitiu mais de 1.200 trabalhadores este ano, de acordo com c\u00e1lculos da Comiss\u00e3o de Organiza\u00e7\u00e3o dos Empregados (COE) do Bradesco. Isso no mesmo per\u00edodo em que obteve Lucro L\u00edquido Recorrente de R$ 12,657 bilh\u00f5es nos primeiros nove meses de 2020.<\/p>\n<p>Os tr\u00eas maiores bancos do pa\u00eds est\u00e3o demitindo. Ao todo, j\u00e1 dispensaram mais de 12 mil trabalhadores este ano, de acordo com o Cadastro Geral de Empregados e Desempregados (Caged) do Minist\u00e9rio da Economia, em claro descumprimento ao acordo firmado em mar\u00e7o.<\/p>\n<\/div>\n<\/div>\n<div class=\"elementor-element elementor-element-76b46e1 elementor-widget elementor-widget-post-info\" data-id=\"76b46e1\" data-element_type=\"widget\" data-widget_type=\"post-info.default\"><strong>Fonte: Contraf-CUT<\/strong><\/div>\n","protected":false},"excerpt":{"rendered":"<p>Um dia depois de figurar entre os assuntos mais comentados do Twitter no Brasil com as hashtag #QueVergonhaBradesco e #QuemLucraN\u00e3oDemite, os banc\u00e1rios de todo o pa\u00eds voltaram a chamar a aten\u00e7\u00e3o nesta quinta-feira (12) com o\u00a0Dia Nacional de Luta contra as demiss\u00f5es do Bradesco. Manifesta\u00e7\u00f5es nas portas das ag\u00eancias e dos departamentos do banco Bradesco [&hellip;]<\/p>\n","protected":false},"author":2,"featured_media":9970,"comment_status":"","ping_status":"","sticky":false,"template":"","format":"standard","meta":{"footnotes":""},"categories":[3],"tags":[],"class_list":["post-9971","post","type-post","status-publish","format-standard","has-post-thumbnail","hentry","category-noticias"],"_links":{"self":[{"href":"https:\/\/hostnetart.com.br\/baixada\/wp-json\/wp\/v2\/posts\/9971","targetHints":{"allow":["GET"]}}],"collection":[{"href":"https:\/\/hostnetart.com.br\/baixada\/wp-json\/wp\/v2\/posts"}],"about":[{"href":"https:\/\/hostnetart.com.br\/baixada\/wp-json\/wp\/v2\/types\/post"}],"author":[{"embeddable":true,"href":"https:\/\/hostnetart.com.br\/baixada\/wp-json\/wp\/v2\/users\/2"}],"replies":[{"embeddable":true,"href":"https:\/\/hostnetart.com.br\/baixada\/wp-json\/wp\/v2\/comments?post=9971"}],"version-history":[{"count":0,"href":"https:\/\/hostnetart.com.br\/baixada\/wp-json\/wp\/v2\/posts\/9971\/revisions"}],"wp:featuredmedia":[{"embeddable":true,"href":"https:\/\/hostnetart.com.br\/baixada\/wp-json\/wp\/v2\/media\/9970"}],"wp:attachment":[{"href":"https:\/\/hostnetart.com.br\/baixada\/wp-json\/wp\/v2\/media?parent=9971"}],"wp:term":[{"taxonomy":"category","embeddable":true,"href":"https:\/\/hostnetart.com.br\/baixada\/wp-json\/wp\/v2\/categories?post=9971"},{"taxonomy":"post_tag","embeddable":true,"href":"https:\/\/hostnetart.com.br\/baixada\/wp-json\/wp\/v2\/tags?post=9971"}],"curies":[{"name":"wp","href":"https:\/\/api.w.org\/{rel}","templated":true}]}}