{"id":9965,"date":"2020-11-12T13:19:11","date_gmt":"2020-11-12T16:19:11","guid":{"rendered":"https:\/\/hostnetart.com.br\/baixada\/dieese-estima-pagamento-do-13-em-r-215-bilhoes-ou-menos\/"},"modified":"2020-11-12T13:19:11","modified_gmt":"2020-11-12T16:19:11","slug":"dieese-estima-pagamento-do-13-em-r-215-bilhoes-ou-menos","status":"publish","type":"post","link":"https:\/\/hostnetart.com.br\/baixada\/dieese-estima-pagamento-do-13-em-r-215-bilhoes-ou-menos\/","title":{"rendered":"Dieese estima pagamento do 13\u00ba em R$ 215 bilh\u00f5es. Ou menos"},"content":{"rendered":"<p>O pagamento do 13\u00ba sal\u00e1rio pode chegar a aproximadamente R$ 215,6 bilh\u00f5es, pouco acima do ano passado (R$ 214,6 bilh\u00f5es), nas estimativas divulgadas pelo\u00a0<a href=\"https:\/\/www.dieese.org.br\/\" target=\"_blank\" rel=\"noopener noreferrer\">Dieese<\/a>\u00a0nesta quarta-feira (11). Mas o instituto pondera que, com a \u201csitua\u00e7\u00e3o excepcional provocada pela pandemia\u201d, o n\u00famero pode ser menor. E lembra que foram celebrados milh\u00f5es de acordos de redu\u00e7\u00e3o de jornada e sal\u00e1rio ou suspens\u00e3o do contrato de trabalho. \u201cOs dados dispon\u00edveis, contudo, n\u00e3o permitem a incorpora\u00e7\u00e3o precisa de tais impactos no c\u00e1lculo do 13\u00ba\u201d, conclui.<\/p>\n<p class=\"has-background has-very-light-gray-background-color\"><a href=\"https:\/\/www.redebrasilatual.com.br\/economia\/2020\/11\/producao-industrial-volta-ao-nivel-de-fevereiro-e-acumula-queda-no-ano\/\" target=\"_blank\" rel=\"noopener noreferrer\">Produ\u00e7\u00e3o industrial volta ao n\u00edvel de fevereiro e acumula queda no ano<\/a><\/p>\n<p>Os R$ 215 bilh\u00f5es representam 2,7% do Produto Interno Bruto (PIB). Ser\u00e3o pagos a 80,3 milh\u00f5es de pessoas, entre trabalhadores no mercado formal (48,4 milh\u00f5es) e aposentados ou pensionistas (31,9 milh\u00f5es). Quase metade (48,5%) se concentra no Sudeste.<\/p>\n<p>O maior valor m\u00e9dio deve ser pago no Distrito Federal (R$ 4.348) e o menor, no Maranh\u00e3o e no Piau\u00ed (R$ 1.641 e R$ 1.647, respectivamente), segundo o Dieese. \u201cEssas m\u00e9dias, por\u00e9m, n\u00e3o incluem o pessoal aposentado pelo Regime Pr\u00f3prio dos estados e dos munic\u00edpios, pois n\u00e3o foi poss\u00edvel obter os dados.\u201d A m\u00e9dia geral do benef\u00edcio \u00e9 de R$ 2.459.<\/p>\n<h3>Servi\u00e7os predominam<\/h3>\n<p>Para fazer o c\u00e1lculo, o Dieese usou dados da\u00a0<a href=\"https:\/\/www.redebrasilatual.com.br\/economia\/2020\/10\/rais-2019-reforma-trabalhista-emprego-precarios-salario-menor\/\" target=\"_blank\" rel=\"noopener noreferrer\">Rela\u00e7\u00e3o Anual de Informa\u00e7\u00f5es Sociais (Rais)<\/a>\u00a0e do \u201cnovo\u201d Cadastro Geral de Empregados e Desempregados (Novo Caged), ambos divulgados pelo Minist\u00e9rio da Economia. Tamb\u00e9m foram consideradas informa\u00e7\u00f5es da Pesquisa Nacional por Amostra de Domic\u00edlios (Pnad) Cont\u00ednua), do IBGE, da Previd\u00eancia Social e da Secretaria do Tesouro Nacional.<\/p>\n<p>Dos assalariados formais dos setores p\u00fablico e privado, que at\u00e9 o fim do ano dever\u00e3o receber R$ 139,4 bilh\u00f5es, quase dois ter\u00e7os (64,7%) do pagamento est\u00e3o no segmento de servi\u00e7os. A fatia dos trabalhadores na ind\u00fastria representa 17% do total, enquanto os comerci\u00e1rios ter\u00e3o 13,2%. Outros 3% ir\u00e3o para os empregados na constru\u00e7\u00e3o civil e 2% para os da agropecu\u00e1ria.<\/p>\n<p>Apenas no estado de S\u00e3o Paulo o volume de pagamentos de 13\u00ba sal\u00e1rio dever\u00e1 somar R$ 61,8 bilh\u00f5es. Esse valor corresponde a quase 29% do total nacional e a 59% da regi\u00e3o Sudeste.<\/p>\n<p><strong>Fonte: Contraf-CUT<\/strong><\/p>\n","protected":false},"excerpt":{"rendered":"<p>O pagamento do 13\u00ba sal\u00e1rio pode chegar a aproximadamente R$ 215,6 bilh\u00f5es, pouco acima do ano passado (R$ 214,6 bilh\u00f5es), nas estimativas divulgadas pelo\u00a0Dieese\u00a0nesta quarta-feira (11). Mas o instituto pondera que, com a \u201csitua\u00e7\u00e3o excepcional provocada pela pandemia\u201d, o n\u00famero pode ser menor. E lembra que foram celebrados milh\u00f5es de acordos de redu\u00e7\u00e3o de jornada [&hellip;]<\/p>\n","protected":false},"author":2,"featured_media":9964,"comment_status":"","ping_status":"","sticky":false,"template":"","format":"standard","meta":{"footnotes":""},"categories":[3],"tags":[],"class_list":["post-9965","post","type-post","status-publish","format-standard","has-post-thumbnail","hentry","category-noticias"],"_links":{"self":[{"href":"https:\/\/hostnetart.com.br\/baixada\/wp-json\/wp\/v2\/posts\/9965","targetHints":{"allow":["GET"]}}],"collection":[{"href":"https:\/\/hostnetart.com.br\/baixada\/wp-json\/wp\/v2\/posts"}],"about":[{"href":"https:\/\/hostnetart.com.br\/baixada\/wp-json\/wp\/v2\/types\/post"}],"author":[{"embeddable":true,"href":"https:\/\/hostnetart.com.br\/baixada\/wp-json\/wp\/v2\/users\/2"}],"replies":[{"embeddable":true,"href":"https:\/\/hostnetart.com.br\/baixada\/wp-json\/wp\/v2\/comments?post=9965"}],"version-history":[{"count":0,"href":"https:\/\/hostnetart.com.br\/baixada\/wp-json\/wp\/v2\/posts\/9965\/revisions"}],"wp:featuredmedia":[{"embeddable":true,"href":"https:\/\/hostnetart.com.br\/baixada\/wp-json\/wp\/v2\/media\/9964"}],"wp:attachment":[{"href":"https:\/\/hostnetart.com.br\/baixada\/wp-json\/wp\/v2\/media?parent=9965"}],"wp:term":[{"taxonomy":"category","embeddable":true,"href":"https:\/\/hostnetart.com.br\/baixada\/wp-json\/wp\/v2\/categories?post=9965"},{"taxonomy":"post_tag","embeddable":true,"href":"https:\/\/hostnetart.com.br\/baixada\/wp-json\/wp\/v2\/tags?post=9965"}],"curies":[{"name":"wp","href":"https:\/\/api.w.org\/{rel}","templated":true}]}}