{"id":9963,"date":"2020-11-12T13:18:17","date_gmt":"2020-11-12T16:18:17","guid":{"rendered":"https:\/\/hostnetart.com.br\/baixada\/bancarios-realizam-manifestacoes-contra-demissoes-no-bradesco\/"},"modified":"2020-11-12T13:18:17","modified_gmt":"2020-11-12T16:18:17","slug":"bancarios-realizam-manifestacoes-contra-demissoes-no-bradesco","status":"publish","type":"post","link":"https:\/\/hostnetart.com.br\/baixada\/bancarios-realizam-manifestacoes-contra-demissoes-no-bradesco\/","title":{"rendered":"Banc\u00e1rios realizam manifesta\u00e7\u00f5es contra demiss\u00f5es no Bradesco"},"content":{"rendered":"<p>Banc\u00e1rios de todo o pa\u00eds realizam, nesta quinta-feira (12), manifesta\u00e7\u00f5es em ag\u00eancias e departamentos do banco Bradesco para protestar contra as demiss\u00f5es realizadas pelo banco.<br \/>A a\u00e7\u00e3o faz parte da campanha organizada pela Confedera\u00e7\u00e3o Nacional dos Trabalhadores do Ramo Financeiro (Contraf-CUT) e sindicatos dos banc\u00e1rios, que denunciam a quebra do compromisso de n\u00e3o realizar demiss\u00f5es durante a pandemia, assumido pelo banco e pela Federa\u00e7\u00e3o Nacional dos Bancos (Fenaban) em mesa de negocia\u00e7\u00e3o com o Comando Nacional Banc\u00e1rio.<br \/>Mas, os tr\u00eas maiores bancos do pa\u00eds est\u00e3o demitindo. O Bradesco j\u00e1 demitiu este ano mais de 1.200 trabalhadores, de acordo com c\u00e1lculos da Comiss\u00e3o de Organiza\u00e7\u00e3o dos Empregados (COE) do Bradesco. Isso no mesmo per\u00edodo em que obteve Lucro L\u00edquido Recorrente de R$ 12,657 bilh\u00f5es nos primeiros nove meses de 2020.<br \/>Ao todo, os bancos j\u00e1 demitiram no Brasil mais de 12 mil trabalhadores este ano, de acordo com o Cadastro Geral de Empregados e Desempregados (Caged) do Minist\u00e9rio da Economia. \u00c9 um claro descumprimento ao acordo firmado em mar\u00e7o. Divulgue ao m\u00e1ximo este protesto, fale para seus amigos e familiares ajudarem a denunciar os bancos que tiveram grandes lucros este ano e n\u00e3o cumprem o acordo com os banc\u00e1rios de n\u00e3o demitir durante a pandemia.<\/p>\n<h3>Nas redes sociais<\/h3>\n<p>Na quarta-feira (11), o protesto foi realizado pelas redes sociais. As hashtag #QueVergonhaBradesco e #QuemLucraN\u00e3oDemite figuraram entre os assuntos mais comentados do Twitter durante a manh\u00e3.<\/p>\n<p><strong>Fonte: Contraf-CUT<\/strong><\/p>\n","protected":false},"excerpt":{"rendered":"<p>Banc\u00e1rios de todo o pa\u00eds realizam, nesta quinta-feira (12), manifesta\u00e7\u00f5es em ag\u00eancias e departamentos do banco Bradesco para protestar contra as demiss\u00f5es realizadas pelo banco.A a\u00e7\u00e3o faz parte da campanha organizada pela Confedera\u00e7\u00e3o Nacional dos Trabalhadores do Ramo Financeiro (Contraf-CUT) e sindicatos dos banc\u00e1rios, que denunciam a quebra do compromisso de n\u00e3o realizar demiss\u00f5es durante [&hellip;]<\/p>\n","protected":false},"author":2,"featured_media":9962,"comment_status":"","ping_status":"","sticky":false,"template":"","format":"standard","meta":{"footnotes":""},"categories":[3],"tags":[],"class_list":["post-9963","post","type-post","status-publish","format-standard","has-post-thumbnail","hentry","category-noticias"],"_links":{"self":[{"href":"https:\/\/hostnetart.com.br\/baixada\/wp-json\/wp\/v2\/posts\/9963","targetHints":{"allow":["GET"]}}],"collection":[{"href":"https:\/\/hostnetart.com.br\/baixada\/wp-json\/wp\/v2\/posts"}],"about":[{"href":"https:\/\/hostnetart.com.br\/baixada\/wp-json\/wp\/v2\/types\/post"}],"author":[{"embeddable":true,"href":"https:\/\/hostnetart.com.br\/baixada\/wp-json\/wp\/v2\/users\/2"}],"replies":[{"embeddable":true,"href":"https:\/\/hostnetart.com.br\/baixada\/wp-json\/wp\/v2\/comments?post=9963"}],"version-history":[{"count":0,"href":"https:\/\/hostnetart.com.br\/baixada\/wp-json\/wp\/v2\/posts\/9963\/revisions"}],"wp:featuredmedia":[{"embeddable":true,"href":"https:\/\/hostnetart.com.br\/baixada\/wp-json\/wp\/v2\/media\/9962"}],"wp:attachment":[{"href":"https:\/\/hostnetart.com.br\/baixada\/wp-json\/wp\/v2\/media?parent=9963"}],"wp:term":[{"taxonomy":"category","embeddable":true,"href":"https:\/\/hostnetart.com.br\/baixada\/wp-json\/wp\/v2\/categories?post=9963"},{"taxonomy":"post_tag","embeddable":true,"href":"https:\/\/hostnetart.com.br\/baixada\/wp-json\/wp\/v2\/tags?post=9963"}],"curies":[{"name":"wp","href":"https:\/\/api.w.org\/{rel}","templated":true}]}}