{"id":9957,"date":"2020-11-11T03:06:05","date_gmt":"2020-11-11T06:06:05","guid":{"rendered":"https:\/\/hostnetart.com.br\/baixada\/negociacoes-sobre-teletrabalho-no-bb-ocorrem-nesta-4-feira-11\/"},"modified":"2020-11-11T03:06:05","modified_gmt":"2020-11-11T06:06:05","slug":"negociacoes-sobre-teletrabalho-no-bb-ocorrem-nesta-4-feira-11","status":"publish","type":"post","link":"https:\/\/hostnetart.com.br\/baixada\/negociacoes-sobre-teletrabalho-no-bb-ocorrem-nesta-4-feira-11\/","title":{"rendered":"Negocia\u00e7\u00f5es sobre teletrabalho no BB ocorrem nesta 4\u00aa feira (11)"},"content":{"rendered":"<p>A Comiss\u00e3o de Empresa dos Funcion\u00e1rios do Banco do Brasil (CEBB) se re\u00fane nesta quarta-feira (11) com a dire\u00e7\u00e3o do banco para discutir um acordo sobre teletrabalho.<\/p>\n<p>\u201cPara os funcion\u00e1rios, al\u00e9m do controle da jornada, \u00e9 importante a ajuda de custo para cobrir as novas despesas, fornecimento de equipamentos e m\u00f3veis adequados\u201d, afirmou a secret\u00e1ria de Juventude e representante da Confedera\u00e7\u00e3o Nacional dos Trabalhadores do Ramo Financeiro (Contraf-CUT) nas negocia\u00e7\u00f5es com o banco, Fernanda Lopes.<\/p>\n<h3><strong>Negocia\u00e7\u00f5es<\/strong><\/h3>\n<p>As negocia\u00e7\u00f5es come\u00e7aram ainda\u00a0<a href=\"https:\/\/contrafcut.com.br\/noticias\/funcionarios-do-bb-querem-saude-e-manutencao-de-direitos-no-teletrabalho\/?swcfpc=1\" target=\"_blank\" rel=\"noopener noreferrer\">durante a Campanha Nacional<\/a>\u00a0dos Banc\u00e1rios e,\u00a0<a href=\"https:\/\/contrafcut.com.br\/noticias\/banco-do-brasil-negocia-teletrabalho-com-a-coe\" target=\"_blank\" rel=\"noopener noreferrer\">ap\u00f3s a campanha<\/a>\u00a0os trabalhadores apresentaram as premissas para o debate,\u00a0<a href=\"https:\/\/contrafcut.com.br\/noticias\/funcionarios-do-banco-do-brasil-definem-reivindicacoes-especificas-para-a-campanha-nacional-dos-bancarios\" target=\"_blank\" rel=\"noopener noreferrer\">definidas no 31\u00ba Congresso Nacional dos Funcion\u00e1rios do Banco do Brasil<\/a>\u00a0e ratificadas na 22\u00aa Confer\u00eancia Nacional dos Banc\u00e1rios.<\/p>\n<p>Desde mar\u00e7o de 2020, boa parte dos banc\u00e1rios entrou em teletrabalho. Foram cerca de 2\/3 da categoria, aproximadamente 300 mil trabalhadores deslocados dos locais de trabalho para suas casas. As premissas para um acordo sobre teletrabalho foram definidas a partir de uma\u00a0<a href=\"https:\/\/contrafcut.com.br\/noticias\/home-office-pesquisa-vai-apurar-opiniao-e-condicoes-de-trabalho-dos-bancarios\/?swcfpc=1\" target=\"_blank\" rel=\"noopener noreferrer\">pesquisa<\/a>\u00a0feita pelo Departamento Intersindical de Estat\u00edstica Estudos e Socioecon\u00f4micos (Dieese) com 11 mil trabalhadores da categoria que passaram para o teletrabalho.<\/p>\n<p><strong>Fonte: Contraf-CUT<\/strong><\/p>\n","protected":false},"excerpt":{"rendered":"<p>A Comiss\u00e3o de Empresa dos Funcion\u00e1rios do Banco do Brasil (CEBB) se re\u00fane nesta quarta-feira (11) com a dire\u00e7\u00e3o do banco para discutir um acordo sobre teletrabalho. \u201cPara os funcion\u00e1rios, al\u00e9m do controle da jornada, \u00e9 importante a ajuda de custo para cobrir as novas despesas, fornecimento de equipamentos e m\u00f3veis adequados\u201d, afirmou a secret\u00e1ria [&hellip;]<\/p>\n","protected":false},"author":2,"featured_media":9956,"comment_status":"","ping_status":"","sticky":false,"template":"","format":"standard","meta":{"footnotes":""},"categories":[3],"tags":[],"class_list":["post-9957","post","type-post","status-publish","format-standard","has-post-thumbnail","hentry","category-noticias"],"_links":{"self":[{"href":"https:\/\/hostnetart.com.br\/baixada\/wp-json\/wp\/v2\/posts\/9957","targetHints":{"allow":["GET"]}}],"collection":[{"href":"https:\/\/hostnetart.com.br\/baixada\/wp-json\/wp\/v2\/posts"}],"about":[{"href":"https:\/\/hostnetart.com.br\/baixada\/wp-json\/wp\/v2\/types\/post"}],"author":[{"embeddable":true,"href":"https:\/\/hostnetart.com.br\/baixada\/wp-json\/wp\/v2\/users\/2"}],"replies":[{"embeddable":true,"href":"https:\/\/hostnetart.com.br\/baixada\/wp-json\/wp\/v2\/comments?post=9957"}],"version-history":[{"count":0,"href":"https:\/\/hostnetart.com.br\/baixada\/wp-json\/wp\/v2\/posts\/9957\/revisions"}],"wp:featuredmedia":[{"embeddable":true,"href":"https:\/\/hostnetart.com.br\/baixada\/wp-json\/wp\/v2\/media\/9956"}],"wp:attachment":[{"href":"https:\/\/hostnetart.com.br\/baixada\/wp-json\/wp\/v2\/media?parent=9957"}],"wp:term":[{"taxonomy":"category","embeddable":true,"href":"https:\/\/hostnetart.com.br\/baixada\/wp-json\/wp\/v2\/categories?post=9957"},{"taxonomy":"post_tag","embeddable":true,"href":"https:\/\/hostnetart.com.br\/baixada\/wp-json\/wp\/v2\/tags?post=9957"}],"curies":[{"name":"wp","href":"https:\/\/api.w.org\/{rel}","templated":true}]}}