{"id":9955,"date":"2020-11-11T03:04:20","date_gmt":"2020-11-11T06:04:20","guid":{"rendered":"https:\/\/hostnetart.com.br\/baixada\/hoje-tem-tuitaco-contra-as-demissoes-no-bradesco\/"},"modified":"2020-11-11T03:04:20","modified_gmt":"2020-11-11T06:04:20","slug":"hoje-tem-tuitaco-contra-as-demissoes-no-bradesco","status":"publish","type":"post","link":"https:\/\/hostnetart.com.br\/baixada\/hoje-tem-tuitaco-contra-as-demissoes-no-bradesco\/","title":{"rendered":"Hoje tem tuita\u00e7o contra as demiss\u00f5es no Bradesco"},"content":{"rendered":"<div class=\"elementor-element elementor-element-194680ec elementor-widget elementor-widget-theme-post-content\" data-id=\"194680ec\" data-element_type=\"widget\" data-widget_type=\"theme-post-content.default\">\n<div class=\"elementor-widget-container\">\n<p>Todos os banc\u00e1rios do Brasil devem participar nesta quarta-feira (11), \u00e0s 11h, do tuita\u00e7o contra as demiss\u00f5es no Banco Bradesco. Os trabalhadores devem utilizar e divulgar as hashtags #QueVergonhaBradesco e #QuemLucraN\u00e3oDemite nos seus perfis nas redes sociais, preferencialmente no Twitter. A a\u00e7\u00e3o faz parte da campanha organizada pela Confedera\u00e7\u00e3o Nacional dos Trabalhadores do Ramo Financeiro (Contraf-CUT) e pela Comiss\u00e3o de Organiza\u00e7\u00e3o dos Empregados (COE) do Bradesco, que visa denunciar a quebra do compromisso assumido pela Federa\u00e7\u00e3o Nacional dos Bancos (Fenaban), feito em mesa de negocia\u00e7\u00e3o com o Comando Nacional Banc\u00e1rio, de n\u00e3o realizar demiss\u00f5es durante a pandemia.<\/p>\n<p>S\u00f3 o\u00a0<a href=\"https:\/\/contrafcut.com.br\/noticias\/bradesco-demite-funcionarios-mesmo-com-lucro-de-quase-r-13-bi-em-nove-meses\/?swcfpc=1\">Bradesco j\u00e1 demitiu este ano mais de 1.200 trabalhadores, de acordo com c\u00e1lculos da COE Bradesco<\/a>. Isso no mesmo per\u00edodo em que obteve Lucro L\u00edquido Recorrente de R$ 12,657 bilh\u00f5es nos primeiros nove meses de 2020.<\/p>\n<p>Ao todo, os bancos j\u00e1 demitiram no Brasil mais de 12 mil trabalhadores este ano, de acordo com do Cadastro Geral de Empregados e Desempregados (Caged) do Minist\u00e9rio da Economia. \u00c9 um claro descumprimento ao acordo firmado em mar\u00e7o. Divulgue ao m\u00e1ximo este protesto, fale para seus amigos e familiares ajudarem a denunciar os bancos que tiveram grandes lucros este ano e n\u00e3o cumprem o acordo com os banc\u00e1rios de n\u00e3o demitir durante a pandemia.<\/p>\n<\/div>\n<\/div>\n<div class=\"elementor-element elementor-element-76b46e1 elementor-widget elementor-widget-post-info\" data-id=\"76b46e1\" data-element_type=\"widget\" data-widget_type=\"post-info.default\"><strong>\u00a0Fonte: Contraf-CUT<\/strong><\/div>\n","protected":false},"excerpt":{"rendered":"<p>Todos os banc\u00e1rios do Brasil devem participar nesta quarta-feira (11), \u00e0s 11h, do tuita\u00e7o contra as demiss\u00f5es no Banco Bradesco. Os trabalhadores devem utilizar e divulgar as hashtags #QueVergonhaBradesco e #QuemLucraN\u00e3oDemite nos seus perfis nas redes sociais, preferencialmente no Twitter. A a\u00e7\u00e3o faz parte da campanha organizada pela Confedera\u00e7\u00e3o Nacional dos Trabalhadores do Ramo Financeiro [&hellip;]<\/p>\n","protected":false},"author":2,"featured_media":9954,"comment_status":"","ping_status":"","sticky":false,"template":"","format":"standard","meta":{"footnotes":""},"categories":[3],"tags":[],"class_list":["post-9955","post","type-post","status-publish","format-standard","has-post-thumbnail","hentry","category-noticias"],"_links":{"self":[{"href":"https:\/\/hostnetart.com.br\/baixada\/wp-json\/wp\/v2\/posts\/9955","targetHints":{"allow":["GET"]}}],"collection":[{"href":"https:\/\/hostnetart.com.br\/baixada\/wp-json\/wp\/v2\/posts"}],"about":[{"href":"https:\/\/hostnetart.com.br\/baixada\/wp-json\/wp\/v2\/types\/post"}],"author":[{"embeddable":true,"href":"https:\/\/hostnetart.com.br\/baixada\/wp-json\/wp\/v2\/users\/2"}],"replies":[{"embeddable":true,"href":"https:\/\/hostnetart.com.br\/baixada\/wp-json\/wp\/v2\/comments?post=9955"}],"version-history":[{"count":0,"href":"https:\/\/hostnetart.com.br\/baixada\/wp-json\/wp\/v2\/posts\/9955\/revisions"}],"wp:featuredmedia":[{"embeddable":true,"href":"https:\/\/hostnetart.com.br\/baixada\/wp-json\/wp\/v2\/media\/9954"}],"wp:attachment":[{"href":"https:\/\/hostnetart.com.br\/baixada\/wp-json\/wp\/v2\/media?parent=9955"}],"wp:term":[{"taxonomy":"category","embeddable":true,"href":"https:\/\/hostnetart.com.br\/baixada\/wp-json\/wp\/v2\/categories?post=9955"},{"taxonomy":"post_tag","embeddable":true,"href":"https:\/\/hostnetart.com.br\/baixada\/wp-json\/wp\/v2\/tags?post=9955"}],"curies":[{"name":"wp","href":"https:\/\/api.w.org\/{rel}","templated":true}]}}