{"id":9953,"date":"2020-11-11T03:02:56","date_gmt":"2020-11-11T06:02:56","guid":{"rendered":"https:\/\/hostnetart.com.br\/baixada\/banco-do-brasil-planeja-manter-diretores-que-vao-se-aposentar\/"},"modified":"2020-11-11T03:02:56","modified_gmt":"2020-11-11T06:02:56","slug":"banco-do-brasil-planeja-manter-diretores-que-vao-se-aposentar","status":"publish","type":"post","link":"https:\/\/hostnetart.com.br\/baixada\/banco-do-brasil-planeja-manter-diretores-que-vao-se-aposentar\/","title":{"rendered":"Banco do Brasil planeja manter diretores que v\u00e3o se aposentar"},"content":{"rendered":"<p>Para conter o ass\u00e9dio de concorrentes ao seu quadro de funcion\u00e1rios, o Banco do Brasil apresentou uma proposta ao seu Conselho de Administra\u00e7\u00e3o para manter diretores que v\u00e3o se aposentar nos pr\u00f3ximos anos. A ideia \u00e9 estender o benef\u00edcio, hoje restrito aos vice-presidentes, de permanecerem institui\u00e7\u00e3o mesmo ap\u00f3s atingirem o tempo necess\u00e1rio para sa\u00edrem.<\/p>\n<p>Segundo\u00a0<a href=\"https:\/\/bit.ly\/broad_plus\" target=\"_blank\" rel=\"noopener noreferrer\">informa\u00e7\u00f5es do Broadcast<\/a>, o plano de incentivo a diretores valer\u00e1 at\u00e9 2027 e mira, ao menos 15 executivos que poderiam deixar o BB por conta da aposentadoria.<\/p>\n<p>\u201cAt\u00e9 que enfim o banco busca reter talentos para o processo de sucess\u00e3o. Isso mostra que funcion\u00e1rios do banco s\u00e3o bem preparados, inclusive s\u00e3o cobi\u00e7ados pelo mercado. Assim, n\u00e3o d\u00e1 para deixar de notar que tal medida contradiz o que propala Paulo Guedes (ministro da Economia) ao tentar impingir a pecha de falta de qualifica\u00e7\u00e3o e compromisso sobre os funcion\u00e1rios p\u00fablicos\u201d, afirmou o coordenador da Comiss\u00e3o de Empresa dos Funcion\u00e1rios do Banco do Brasil (CEBB), Jo\u00e3o Fukunaga.<\/p>\n<p>Fukunaga lamentou, no entanto, que o banco apresente uma proposta para dobrar sal\u00e1rio dos executivos, mas tenha feito press\u00e3o durante a Campanha Nacional dos Banc\u00e1rios para n\u00e3o que n\u00e3o fosse dado aumento real para a categoria. \u201cOs funcion\u00e1rios do Banco do Brasil, de uma forma geral, s\u00e3o bem preparados e d\u00e3o o m\u00e1ximo para que o banco atinja bons resultados e obtenha lucro. Todos deveriam ser reconhecidos pelo seu esfor\u00e7o\u201d, disse.<\/p>\n<h3><strong>Previ<\/strong><\/h3>\n<p>A amplia\u00e7\u00e3o do benef\u00edcio aos diretores pode ajudar a reter executivos-chave sem gerar aumento com as despesas de pessoal, uma vez que o complemento de sal\u00e1rio vir\u00e1 do fundo de pens\u00e3o do BB, a Previ.<\/p>\n<p>\u201c\u00c9 bom observarmos que a Previ n\u00e3o ter\u00e1 preju\u00edzo, uma vez que os valores j\u00e1 sairiam dos cofres do fundo por causa da aposentadoria. N\u00e3o temos informa\u00e7\u00f5es detalhadas, mas \u00e9 isso o que deve acontecer. Primeiro eles se demitem e depois o banco os recontrata em novo regime de trabalho, que n\u00e3o \u00e9 CLT\u201d, explicou o coordenador da CEBB.<\/p>\n<p>Segundo o Broadcast, a estrat\u00e9gia \u00e9 bem vista nos bastidores por diretores.<\/p>\n<p><strong>Fonte: Contraf-CUT<\/strong><\/p>\n","protected":false},"excerpt":{"rendered":"<p>Para conter o ass\u00e9dio de concorrentes ao seu quadro de funcion\u00e1rios, o Banco do Brasil apresentou uma proposta ao seu Conselho de Administra\u00e7\u00e3o para manter diretores que v\u00e3o se aposentar nos pr\u00f3ximos anos. A ideia \u00e9 estender o benef\u00edcio, hoje restrito aos vice-presidentes, de permanecerem institui\u00e7\u00e3o mesmo ap\u00f3s atingirem o tempo necess\u00e1rio para sa\u00edrem. Segundo\u00a0informa\u00e7\u00f5es [&hellip;]<\/p>\n","protected":false},"author":2,"featured_media":9952,"comment_status":"","ping_status":"","sticky":false,"template":"","format":"standard","meta":{"footnotes":""},"categories":[3],"tags":[],"class_list":["post-9953","post","type-post","status-publish","format-standard","has-post-thumbnail","hentry","category-noticias"],"_links":{"self":[{"href":"https:\/\/hostnetart.com.br\/baixada\/wp-json\/wp\/v2\/posts\/9953","targetHints":{"allow":["GET"]}}],"collection":[{"href":"https:\/\/hostnetart.com.br\/baixada\/wp-json\/wp\/v2\/posts"}],"about":[{"href":"https:\/\/hostnetart.com.br\/baixada\/wp-json\/wp\/v2\/types\/post"}],"author":[{"embeddable":true,"href":"https:\/\/hostnetart.com.br\/baixada\/wp-json\/wp\/v2\/users\/2"}],"replies":[{"embeddable":true,"href":"https:\/\/hostnetart.com.br\/baixada\/wp-json\/wp\/v2\/comments?post=9953"}],"version-history":[{"count":0,"href":"https:\/\/hostnetart.com.br\/baixada\/wp-json\/wp\/v2\/posts\/9953\/revisions"}],"wp:featuredmedia":[{"embeddable":true,"href":"https:\/\/hostnetart.com.br\/baixada\/wp-json\/wp\/v2\/media\/9952"}],"wp:attachment":[{"href":"https:\/\/hostnetart.com.br\/baixada\/wp-json\/wp\/v2\/media?parent=9953"}],"wp:term":[{"taxonomy":"category","embeddable":true,"href":"https:\/\/hostnetart.com.br\/baixada\/wp-json\/wp\/v2\/categories?post=9953"},{"taxonomy":"post_tag","embeddable":true,"href":"https:\/\/hostnetart.com.br\/baixada\/wp-json\/wp\/v2\/tags?post=9953"}],"curies":[{"name":"wp","href":"https:\/\/api.w.org\/{rel}","templated":true}]}}