{"id":9951,"date":"2020-11-10T14:54:23","date_gmt":"2020-11-10T17:54:23","guid":{"rendered":"https:\/\/hostnetart.com.br\/baixada\/santander-planeja-terceirizar-call-center-sem-negociar-com-trabalhadores\/"},"modified":"2020-11-10T14:54:23","modified_gmt":"2020-11-10T17:54:23","slug":"santander-planeja-terceirizar-call-center-sem-negociar-com-trabalhadores","status":"publish","type":"post","link":"https:\/\/hostnetart.com.br\/baixada\/santander-planeja-terceirizar-call-center-sem-negociar-com-trabalhadores\/","title":{"rendered":"Santander planeja terceirizar call center sem negociar com trabalhadores"},"content":{"rendered":"<p>Dirigentes sindicais do Santander de S\u00e3o Paulo, Rio de Janeiro e Rio Grande do Sul se reuniram na tarde desta segunda-feira (9) com o banco Santander para tratar sobre a\u00a0<a href=\"https:\/\/www.jornalnh.com.br\/noticias\/novo_hamburgo\/2020\/09\/14\/santander-inicia-operacao-da-toque-fale-em-novo-hamburgo.html\" target=\"_blank\" rel=\"noopener noreferrer\">cria\u00e7\u00e3o do \u201cpolo de atendimento\u201d do banco em Novo Hamburgo (RS)<\/a>. Os trabalhadores ser\u00e3o contratados pela empresa\u00a0<a href=\"https:\/\/toquefale.gupy.io\/\" target=\"_blank\" rel=\"noopener noreferrer\">Toquefale<\/a>\u00a0e n\u00e3o far\u00e3o parte da categoria banc\u00e1ria.<\/p>\n<p>\u201c\u00c9 um cl\u00e1ssico caso de terceiriza\u00e7\u00e3o! Os servi\u00e7os ser\u00e3o realizados por trabalhadores de outra categoria, n\u00e3o por banc\u00e1rios. E, claro, n\u00e3o ter\u00e3o os mesmos direitos nem os mesmos sal\u00e1rios da nossa categoria\u201d, observou o secret\u00e1rio de Assuntos Socioecon\u00f4micos e representante da Confedera\u00e7\u00e3o Nacional dos Trabalhadores do Ramo Financeiro (Contraf-CUT) nas negocia\u00e7\u00f5es com o banco, Mario Raia. \u201cE, como tamb\u00e9m j\u00e1 virou tradi\u00e7\u00e3o nas negocia\u00e7\u00f5es, o banco diz n\u00e3o ter as informa\u00e7\u00f5es que\u00a0<a href=\"https:\/\/spbancarios.com.br\/10\/2020\/sindicatos-cobram-do-santander-negociacao-sobre-terceirizacao-do-call-center\" target=\"_blank\" rel=\"noopener noreferrer\">cobramos h\u00e1 meses<\/a>\u00a0sobre n\u00famero de postos que ser\u00e3o criados no novo polo de atendimento, se ser\u00e3o fechados postos em S\u00e3o Paulo e Rio de Janeiro, onde estes servi\u00e7os s\u00e3o realizados hoje e, qual a dimens\u00e3o desta movimenta\u00e7\u00e3o. A\u00ed, a gente pergunta: \u2018n\u00e3o tem, ou n\u00e3o quer passar\u2019\u201d, completou.<\/p>\n<p>O representante da Federa\u00e7\u00e3o dos Trabalhadores do Ramo Financeiro do Rio Grande Sul (Fetrafi\/RS) na Comiss\u00e3o da Organiza\u00e7\u00e3o dos Empregados (COE) do Santander, Luiz Cassemiro, tamb\u00e9m lamentou a falta de transpar\u00eancia do banco com os trabalhadores.<\/p>\n<p>\u201cO banco alegou n\u00e3o ter bem claro o novo modelo de opera\u00e7\u00e3o, nem os n\u00fameros de abertura e fechamento de vagas. Como uma empresa do tamanho do Santander, com atua\u00e7\u00e3o em diversos pa\u00edses, faz mudan\u00e7as significativas de \u00e1reas estrat\u00e9gica do banco e diz n\u00e3o tem o projeto bem claro? Est\u00e3o atirando no escuro?\u201d, questionou Cassemiro.<\/p>\n<h3><strong>Sem di\u00e1logo<\/strong><\/h3>\n<p>Al\u00e9m da falta de transpar\u00eancia, a representa\u00e7\u00e3o dos trabalhadores do Santander tamb\u00e9m reclama da falta de di\u00e1logo do banco. \u201c\u00c9 uma movimenta\u00e7\u00e3o que pode prejudicar milhares de trabalhadores. Queremos informa\u00e7\u00f5es para negociar a manuten\u00e7\u00e3o do emprego e dos direitos dos novos contratados. Mas, o banco, que\u00a0<a href=\"https:\/\/contrafcut.com.br\/noticias\/santander-alcanca-lucro-de-quase-r-10-bi-em-nove-meses\" target=\"_blank\" rel=\"noopener noreferrer\">arranca dos brasileiros<\/a>\u00a0um ter\u00e7o de todo o lucro que tem no mundo inteiro, que, mesmo neste per\u00edodo de pandemia, lucrou R$ 9,8 bilh\u00f5es nos nove primeiros meses de 2020, quer arrochar ainda mais os trabalhadores, reduzindo sal\u00e1rios e retirando direitos para aumentar ainda mais seus lucros\u201d, criticou Mario Raia. \u201c\u00c9 muita gan\u00e2ncia!\u201d, completou.<\/p>\n<p>Mesmo com tamanho lucro, o Santander tem demitido trabalhadores em plena pandemia, apesar de ter se comprometido em mar\u00e7o que n\u00e3o demitira funcion\u00e1rios durante a pandemia. \u201cEm 12 meses (setembro de 2019 a setembro de 2020) o Santander reduziu em quadro de funcion\u00e1rios em 4.335 postos de trabalho e, em plena pandemia, de abril a setembro deste ano, jogou 2.045 brasileiros e brasileiras na rua da amargura\u201d, afirmou o dirigente da Contraf-CUT.<\/p>\n<p>\u201cN\u00e3o d\u00e1 para acreditar que um banco como o Santander n\u00e3o tenha feito o planejamento detalhado desta a\u00e7\u00e3o antes de inici\u00e1-la. Ao dizer isso, o banco coloca em d\u00favida sua capacidade de administrar os recursos de seus clientes. E todo o discurso de bom gestor feito pelo (Sergio) Rial cai por \u00e1gua abaixo. J\u00e1 estamos mobilizando os trabalhadores do call center e vamos analisar formas de fazer press\u00e3o para que o banco nos passe as informa\u00e7\u00f5es e negocie\u201d, concluiu Mario Raia.<\/p>\n<p><strong>Fonte: Contraf-CUT<\/strong><\/p>\n","protected":false},"excerpt":{"rendered":"<p>Dirigentes sindicais do Santander de S\u00e3o Paulo, Rio de Janeiro e Rio Grande do Sul se reuniram na tarde desta segunda-feira (9) com o banco Santander para tratar sobre a\u00a0cria\u00e7\u00e3o do \u201cpolo de atendimento\u201d do banco em Novo Hamburgo (RS). Os trabalhadores ser\u00e3o contratados pela empresa\u00a0Toquefale\u00a0e n\u00e3o far\u00e3o parte da categoria banc\u00e1ria. \u201c\u00c9 um cl\u00e1ssico [&hellip;]<\/p>\n","protected":false},"author":2,"featured_media":9950,"comment_status":"","ping_status":"","sticky":false,"template":"","format":"standard","meta":{"footnotes":""},"categories":[3],"tags":[],"class_list":["post-9951","post","type-post","status-publish","format-standard","has-post-thumbnail","hentry","category-noticias"],"_links":{"self":[{"href":"https:\/\/hostnetart.com.br\/baixada\/wp-json\/wp\/v2\/posts\/9951","targetHints":{"allow":["GET"]}}],"collection":[{"href":"https:\/\/hostnetart.com.br\/baixada\/wp-json\/wp\/v2\/posts"}],"about":[{"href":"https:\/\/hostnetart.com.br\/baixada\/wp-json\/wp\/v2\/types\/post"}],"author":[{"embeddable":true,"href":"https:\/\/hostnetart.com.br\/baixada\/wp-json\/wp\/v2\/users\/2"}],"replies":[{"embeddable":true,"href":"https:\/\/hostnetart.com.br\/baixada\/wp-json\/wp\/v2\/comments?post=9951"}],"version-history":[{"count":0,"href":"https:\/\/hostnetart.com.br\/baixada\/wp-json\/wp\/v2\/posts\/9951\/revisions"}],"wp:featuredmedia":[{"embeddable":true,"href":"https:\/\/hostnetart.com.br\/baixada\/wp-json\/wp\/v2\/media\/9950"}],"wp:attachment":[{"href":"https:\/\/hostnetart.com.br\/baixada\/wp-json\/wp\/v2\/media?parent=9951"}],"wp:term":[{"taxonomy":"category","embeddable":true,"href":"https:\/\/hostnetart.com.br\/baixada\/wp-json\/wp\/v2\/categories?post=9951"},{"taxonomy":"post_tag","embeddable":true,"href":"https:\/\/hostnetart.com.br\/baixada\/wp-json\/wp\/v2\/tags?post=9951"}],"curies":[{"name":"wp","href":"https:\/\/api.w.org\/{rel}","templated":true}]}}