{"id":9949,"date":"2020-11-10T03:22:37","date_gmt":"2020-11-10T06:22:37","guid":{"rendered":"https:\/\/hostnetart.com.br\/baixada\/caixa-inicia-programa-de-desligamento-voluntario-de-2020\/"},"modified":"2020-11-10T03:22:37","modified_gmt":"2020-11-10T06:22:37","slug":"caixa-inicia-programa-de-desligamento-voluntario-de-2020","status":"publish","type":"post","link":"https:\/\/hostnetart.com.br\/baixada\/caixa-inicia-programa-de-desligamento-voluntario-de-2020\/","title":{"rendered":"Caixa inicia Programa de Desligamento Volunt\u00e1rio de 2020"},"content":{"rendered":"<p>Come\u00e7a nesta segunda-feira (9) o prazo para os empregados da Caixa aderirem ao Programa de Desligamento Volunt\u00e1rio (PDV). A medida visa adequar o banco \u00e0 Emenda Constitucional n\u00ba103, da reforma da previd\u00eancia. As ades\u00f5es podem ser feitas at\u00e9 20 de novembro e os desligamentos acontecer\u00e3o entre 23 de novembro e 31 de dezembro. A previs\u00e3o da Caixa \u00e9 a ades\u00e3o de mais de 7.200 empregados.<\/p>\n<p>De acordo com a Caixa, os empregados que aderirem ao PDV receber\u00e3o o incentivo financeiro equivalente a 9,5 Remunera\u00e7\u00f5es Base (RB).<\/p>\n<p>Ficaram de fora do PDV os empregados impactados pela emenda nos termos do RH 229. Nessa lista est\u00e3o os trabalhadores que se aposentaram entre 13 de novembro de 2019 e 5 de novembro de 2020 e aqueles com 75 anos ou mais. Para a coordenadora da Comiss\u00e3o Executiva dos Empregados da Caixa (CEE\/Caixa), Fabiana Uehara Proscholdt, os maiores de 75 anos n\u00e3o deveriam ser exclu\u00eddos do Programa. \u201cEntendemos que eles n\u00e3o poderiam ser exclu\u00eddos uma vez que n\u00e3o tem uma lei complementar que trate especificamente sobre o assunto\u201d, afirmou.<\/p>\n<p>A Federa\u00e7\u00e3o Nacional das Associa\u00e7\u00f5es do Pessoal da Caixa Econ\u00f4mica Federal (Fenae) recorda que a Caixa segue retirando empregados da empresa sem repor. O d\u00e9ficit de empregados na empresa chega a 17 mil. \u201cNessa pandemia vimos a import\u00e2ncia da Caixa. Os empregados fizeram um grande trabalho e mostraram que a Caixa \u00e9 imprescind\u00edvel.\u00a0 Mas os trabalhadores est\u00e3o cansados, a jornada est\u00e1 exaustiva e a falta de trabalhadores tamb\u00e9m agrava a situa\u00e7\u00e3o\u201d, afirmou o presidente da Fenae, Sergio Takemoto.<\/p>\n<h3>Para aderir, \u00e9 preciso atender ao menos uma das condi\u00e7\u00f5es do PDV. Veja abaixo:<\/h3>\n<ul>\n<li>Os empregados que se aposentaram antes de 13 de novembro de 2019 (data em que entrou em vigor a Emenda Constitucional 103\/2019, da Reforma da Previd\u00eancia, que prev\u00ea a extin\u00e7\u00e3o do v\u00ednculo empregat\u00edcio de empregados de empresas p\u00fablicas que se aposentarem a partir da vig\u00eancia da Emenda);<\/li>\n<li>Os empregados que recebem adicional de incorpora\u00e7\u00e3o;<\/li>\n<li>Os empregados aptos a se aposentar at\u00e9 31 de dezembro de 2020, que solicitem a aposentadoria ao INSS ap\u00f3s 6 de novembro de 2020.<\/li>\n<li>Ter 15 anos ou mais de efetivo exerc\u00edcio na Caixa.<\/li>\n<\/ul>\n<h3>Sa\u00fade Caixa<\/h3>\n<p>Os empregados que aderirem ao PDV, poder\u00e3o manter o Sa\u00fade Caixa. Mas tamb\u00e9m \u00e9 preciso cumprir alguns requisitos.<\/p>\n<p>O Sa\u00fade Caixa ser\u00e1 mantido por prazo indeterminado para os empregados que:<\/p>\n<ul>\n<li>Empregados que se aposentaram durante o v\u00ednculo empregat\u00edcio com a Caixa, at\u00e9 13 de novembro de 2019;<\/li>\n<li>Empregados que entraram na condi\u00e7\u00e3o de aposentado e possu\u00edam, na data do desligamento, 120 meses ou mais de contribui\u00e7\u00e3o ao plano;<\/li>\n<li>Empregados que se aposentarem ap\u00f3s o PDV \u2013 6 de novembro \u2013 e com data de in\u00edcio anterior \u00e0 data da rescis\u00e3o do contrato de trabalho com a Caixa. Neste caso, a Carta de Concess\u00e3o deve ser apresentada at\u00e9 31 de agosto de 2022.<\/li>\n<\/ul>\n<p>Para os outros empregados da Caixa que n\u00e3o fazem parte dos grupos citados acima, o Sa\u00fade Caixa ser\u00e1 mantido por 24 meses.<\/p>\n<p><strong>Fonte: Contraf-CUT<\/strong><\/p>\n","protected":false},"excerpt":{"rendered":"<p>Come\u00e7a nesta segunda-feira (9) o prazo para os empregados da Caixa aderirem ao Programa de Desligamento Volunt\u00e1rio (PDV). A medida visa adequar o banco \u00e0 Emenda Constitucional n\u00ba103, da reforma da previd\u00eancia. As ades\u00f5es podem ser feitas at\u00e9 20 de novembro e os desligamentos acontecer\u00e3o entre 23 de novembro e 31 de dezembro. A previs\u00e3o [&hellip;]<\/p>\n","protected":false},"author":2,"featured_media":9948,"comment_status":"","ping_status":"","sticky":false,"template":"","format":"standard","meta":{"footnotes":""},"categories":[3],"tags":[],"class_list":["post-9949","post","type-post","status-publish","format-standard","has-post-thumbnail","hentry","category-noticias"],"_links":{"self":[{"href":"https:\/\/hostnetart.com.br\/baixada\/wp-json\/wp\/v2\/posts\/9949","targetHints":{"allow":["GET"]}}],"collection":[{"href":"https:\/\/hostnetart.com.br\/baixada\/wp-json\/wp\/v2\/posts"}],"about":[{"href":"https:\/\/hostnetart.com.br\/baixada\/wp-json\/wp\/v2\/types\/post"}],"author":[{"embeddable":true,"href":"https:\/\/hostnetart.com.br\/baixada\/wp-json\/wp\/v2\/users\/2"}],"replies":[{"embeddable":true,"href":"https:\/\/hostnetart.com.br\/baixada\/wp-json\/wp\/v2\/comments?post=9949"}],"version-history":[{"count":0,"href":"https:\/\/hostnetart.com.br\/baixada\/wp-json\/wp\/v2\/posts\/9949\/revisions"}],"wp:featuredmedia":[{"embeddable":true,"href":"https:\/\/hostnetart.com.br\/baixada\/wp-json\/wp\/v2\/media\/9948"}],"wp:attachment":[{"href":"https:\/\/hostnetart.com.br\/baixada\/wp-json\/wp\/v2\/media?parent=9949"}],"wp:term":[{"taxonomy":"category","embeddable":true,"href":"https:\/\/hostnetart.com.br\/baixada\/wp-json\/wp\/v2\/categories?post=9949"},{"taxonomy":"post_tag","embeddable":true,"href":"https:\/\/hostnetart.com.br\/baixada\/wp-json\/wp\/v2\/tags?post=9949"}],"curies":[{"name":"wp","href":"https:\/\/api.w.org\/{rel}","templated":true}]}}