{"id":9947,"date":"2020-11-10T03:21:35","date_gmt":"2020-11-10T06:21:35","guid":{"rendered":"https:\/\/hostnetart.com.br\/baixada\/mulheres-reforcam-o-ativismo-em-novembro-e-dezembro\/"},"modified":"2020-11-10T03:21:35","modified_gmt":"2020-11-10T06:21:35","slug":"mulheres-reforcam-o-ativismo-em-novembro-e-dezembro","status":"publish","type":"post","link":"https:\/\/hostnetart.com.br\/baixada\/mulheres-reforcam-o-ativismo-em-novembro-e-dezembro\/","title":{"rendered":"Mulheres refor\u00e7am o ativismo em novembro e dezembro"},"content":{"rendered":"<p>O Dia Internacional de Combate \u00e0 Viol\u00eancia Contra a Mulher, em 25 de novembro, marca o in\u00edcio de uma mobiliza\u00e7\u00e3o social conhecida como \u201cOs 16 Dias de Ativismo\u201d. A atividade vai at\u00e9 10 de dezembro, Dia Internacional dos Direitos Humanos. A campanha foi criada em 1991 por movimentos de mulheres e atualmente \u00e9 realizada em 159 pa\u00edses.<\/p>\n<p>A Confedera\u00e7\u00e3o Nacional dos Trabalhadores do Ramo Financeiro (Contraf-CUT) participa da campanha. Para a secret\u00e1ria de Mulheres da Contraf-CUT, Elaine Cutis, Os 16 Dias de Ativismo \u00e9 o momento oportuno para refor\u00e7armos uma luta permanente. \u201cA viol\u00eancia contra a mulher \u00e9 uma das formas mais b\u00e1rbaras de viola\u00e7\u00e3o dos direitos humanos. Chamamos mulheres e homens a participarem da campanha para denunciar este grave problema enfrentado pelas mulheres no mundo. A viol\u00eancia pode atingir uma pessoa da fam\u00edlia de qualquer um, uma amiga, filha ou colega de trabalho\u201d, ressaltou Elaine Cutis.<\/p>\n<p>Entre as viol\u00eancias contra a mulher, uma das mais cru\u00e9is \u00e9 o estupro, enraizado em um conjunto complexo de cren\u00e7as patriarcais, poder e controle que continuam a criar um ambiente social no qual a viol\u00eancia sexual \u00e9 generalizada. No Brasil, uma mulher \u00e9 v\u00edtima de estupro a cada 11 minutos.<\/p>\n<p><strong>Retrocesso<\/strong><\/p>\n<p>\u201cVivemos neste momento conjuntural um grave retrocesso com um aumento assustador da viol\u00eancia contra a mulher e observamos estarrecidos o aumento da impunidade, como esse caso de estupro em Santa Catarina, em que o estuprador foi absolvido e a v\u00edtima, al\u00e9m de humilhada foi exposta a um linchamento moral. Repudiar e combater esse tipo de pr\u00e1tica \u00e9 dever de toda a sociedade. Estupro \u00e9 crime e n\u00e3o pode ser atenuado\u201d, afirmou a secret\u00e1ria da Mulher da Contraf-CUT.<\/p>\n<p>A categoria banc\u00e1ria sempre teve uma forte atua\u00e7\u00e3o nas quest\u00f5es de g\u00eanero e no combate \u00e0 viol\u00eancia contra a mulher. Neste ano, foi conquistado acordo espec\u00edfico com a Federa\u00e7\u00e3o Nacional dos Bancos (Fenaban), criando uma cl\u00e1usula espec\u00edfica, que, al\u00e9m de orienta\u00e7\u00f5es de preven\u00e7\u00e3o \u00e0 viol\u00eancia, tamb\u00e9m cria um canal nos bancos para as banc\u00e1rias denunciarem viol\u00eancia dom\u00e9stica. O canal permite acolhimento, orienta\u00e7\u00e3o e ajuda para que a v\u00edtima possa romper o ciclo de viol\u00eancia. Nos meses de novembro e dezembro, a Contraf-CUT divulgar\u00e1 as atividades do Dia Internacional de Combate \u00e0 Viol\u00eancia Contra a Mulher e Os 16 Dias de Ativismo.<\/p>\n<p><strong>Fonte: Contraf-CUT<\/strong><\/p>\n","protected":false},"excerpt":{"rendered":"<p>O Dia Internacional de Combate \u00e0 Viol\u00eancia Contra a Mulher, em 25 de novembro, marca o in\u00edcio de uma mobiliza\u00e7\u00e3o social conhecida como \u201cOs 16 Dias de Ativismo\u201d. A atividade vai at\u00e9 10 de dezembro, Dia Internacional dos Direitos Humanos. A campanha foi criada em 1991 por movimentos de mulheres e atualmente \u00e9 realizada em [&hellip;]<\/p>\n","protected":false},"author":2,"featured_media":9946,"comment_status":"","ping_status":"","sticky":false,"template":"","format":"standard","meta":{"footnotes":""},"categories":[3],"tags":[],"class_list":["post-9947","post","type-post","status-publish","format-standard","has-post-thumbnail","hentry","category-noticias"],"_links":{"self":[{"href":"https:\/\/hostnetart.com.br\/baixada\/wp-json\/wp\/v2\/posts\/9947","targetHints":{"allow":["GET"]}}],"collection":[{"href":"https:\/\/hostnetart.com.br\/baixada\/wp-json\/wp\/v2\/posts"}],"about":[{"href":"https:\/\/hostnetart.com.br\/baixada\/wp-json\/wp\/v2\/types\/post"}],"author":[{"embeddable":true,"href":"https:\/\/hostnetart.com.br\/baixada\/wp-json\/wp\/v2\/users\/2"}],"replies":[{"embeddable":true,"href":"https:\/\/hostnetart.com.br\/baixada\/wp-json\/wp\/v2\/comments?post=9947"}],"version-history":[{"count":0,"href":"https:\/\/hostnetart.com.br\/baixada\/wp-json\/wp\/v2\/posts\/9947\/revisions"}],"wp:featuredmedia":[{"embeddable":true,"href":"https:\/\/hostnetart.com.br\/baixada\/wp-json\/wp\/v2\/media\/9946"}],"wp:attachment":[{"href":"https:\/\/hostnetart.com.br\/baixada\/wp-json\/wp\/v2\/media?parent=9947"}],"wp:term":[{"taxonomy":"category","embeddable":true,"href":"https:\/\/hostnetart.com.br\/baixada\/wp-json\/wp\/v2\/categories?post=9947"},{"taxonomy":"post_tag","embeddable":true,"href":"https:\/\/hostnetart.com.br\/baixada\/wp-json\/wp\/v2\/tags?post=9947"}],"curies":[{"name":"wp","href":"https:\/\/api.w.org\/{rel}","templated":true}]}}