{"id":9943,"date":"2020-11-10T03:18:02","date_gmt":"2020-11-10T06:18:02","guid":{"rendered":"https:\/\/hostnetart.com.br\/baixada\/privatizacao-leva-a-apagao-no-amapa\/"},"modified":"2020-11-10T03:18:02","modified_gmt":"2020-11-10T06:18:02","slug":"privatizacao-leva-a-apagao-no-amapa","status":"publish","type":"post","link":"https:\/\/hostnetart.com.br\/baixada\/privatizacao-leva-a-apagao-no-amapa\/","title":{"rendered":"Privatiza\u00e7\u00e3o leva \u00e0 apag\u00e3o no Amap\u00e1"},"content":{"rendered":"<p>O drama das mais de 700 mil pessoas, em 13 dos 16 munic\u00edpios do estado do Amap\u00e1, completa uma semana nesta ter\u00e7a-feira (10). Eles est\u00e3o sem energia, \u00e1gua e combust\u00edveis desde a noite de ter\u00e7a-feira (3), quando a subesta\u00e7\u00e3o de energia que pegou fogo por volta das 20h40, na capital Macap\u00e1, levou ao desligamento autom\u00e1tico da linha de transmiss\u00e3o.<\/p>\n<p>A empresa respons\u00e1vel pelo servi\u00e7o \u00e9 a espanhola Isolux, grupo multinacional que controla a linha de transmiss\u00e3o de 500 kv Tucuru\u00ed-Macap\u00e1-Manaus, que liga o Amazonas, o Amap\u00e1 e oeste do Par\u00e1 \u00e0 Usina Hidrel\u00e9trica de Tucuru\u00ed desde em 2015, mas n\u00e3o consegue trocar o transformador que pegou fogo porque n\u00e3o tem nem um gerador substituto, nem pe\u00e7as de reposi\u00e7\u00e3o.<\/p>\n<p>Por isso, pediu socorro para os trabalhadores da Eletrobras, estatal brasileira que est\u00e1 correndo risco de tamb\u00e9m ser privatizada pelo governo federal. \u201cEste governo s\u00f3 pensa em privatizar. Mas, este caso, mostra como o modelo n\u00e3o funciona. As empresas que compram, s\u00f3 pensam nos lucros, demitem t\u00e9cnicos experientes e contratam pessoal com menos qualifica\u00e7\u00e3o para pagar menos. Al\u00e9m de reduzir o quadro de pessoal\u201d, afirmou Juvandia Moreira, presidenta da Confedera\u00e7\u00e3o Nacional dos Trabalhadores do Ramo Financeiro (Contraf-CUT).<\/p>\n<p>\u201cJ\u00e1 estamos cansados de alertar para isso. Os governos que defendem as privatiza\u00e7\u00f5es deixam de investir nos servi\u00e7os p\u00fablicos para afetar a imagem das empresas estatais e conquistar apoio popular para a venda. O resultado \u00e9 a precariza\u00e7\u00e3o das condi\u00e7\u00f5es de trabalho dos funcion\u00e1rios e a consequente queda na qualidade dos servi\u00e7os prestados \u00e0 popula\u00e7\u00e3o. N\u00e3o podemos deixar isso acontecer\u201d, completou Juvandia.<\/p>\n<p>Segundo o diretor do Sindicato dos Urbanit\u00e1rios do Maranh\u00e3o (STIU\/MA), Wellington Diniz, o que acontece no Amap\u00e1 pode acontecer em outros lugares. \u201cBolsonaro e ministro das Minas e Energia, Bento Albuquerque, v\u00eam dizendo que a Eletrobras n\u00e3o tem capacidade de investimento, e apostam na privatiza\u00e7\u00e3o, s\u00f3 que na hora em que acontece um acidente como este s\u00e3o os t\u00e9cnicos da Eletrobras que s\u00e3o convocados para prestarem socorro \u00e0 empresa internacional porque ela n\u00e3o tem capacidade para resolver o problema\u201d, alerta Wellington, que tamb\u00e9m \u00e9 funcion\u00e1rio da Eletronorte, do holding Eletrobras.<\/p>\n<p>O presidente do Sindicato dos Ubanit\u00e1rios do Amap\u00e1 (STIU-AP), Jedilson Santa B\u00e1rbara de Oliveira, critica ainda o desmonte da Eletronorte no estado. Segundo ele, a empresa tinha no estado do Amap\u00e1, 220 trabalhadores em 2007, mas com a sanha privatista de Michel Temer (MDB-SP), hoje conta com apenas 110 trabalhadores.<\/p>\n<p>\u201cOito t\u00e9cnicos da Eletrobras de outros estados que est\u00e3o ajudando nos reparos s\u00e3o considerados dispens\u00e1veis pela empresa por terem muito tempo de casa e est\u00e3o prestes a se aposentar. A empresa quer incentivar a demiss\u00e3o de trabalhadores experientes por meio de PDVs, mas na hora que mais precisa, s\u00e3o eles que s\u00e3o chamados. As mil demiss\u00f5es que a Eletrobras quer fazer s\u00e3o para baratear os custos para privatizar e entregar ao capital internacional mais uma empresa brasileira superavit\u00e1ria. A Eletrobras teve um lucro no \u00faltimo ano de R$ 20 bilh\u00f5es\u201d , denuncia Jedilson.<\/p>\n<h3>Entidades sindicais pedem a\u00e7\u00e3o do governo federal no Amap\u00e1<\/h3>\n<p>A Central \u00danica dos Trabalhadores (CUT), a Confedera\u00e7\u00e3o Nacional dos Urbanit\u00e1rios (CNU), a Federa\u00e7\u00e3o Nacional dos Urbanit\u00e1rios (FNU) e o Sindicato dos Urbanit\u00e1rios do Amap\u00e1 (Stiu-AP) divulgaram\u00a0<a href=\"https:\/\/cdnstatic8.com\/fnucut.org.br\/wp-content\/uploads\/2020\/11\/Nota-p%C3%BAblica-sobre-o-apag%C3%A3o-no-Amap%C3%A1.pdf\" target=\"_blank\" rel=\"noopener noreferrer\">nota p\u00fablica neste s\u00e1bado (7)<\/a>\u00a0cobrando da Aneel um posicionamento \u201cfirme\u201d sobre o apag\u00e3o no Amap\u00e1, repudiando \u201ca tentativa do governo federal de minimizar\u201d o epis\u00f3dio.<\/p>\n<p>As entidades tamb\u00e9m destacaram o papel do sistema estatal de energia para solucionar o caso. \u201cCabe ressaltar que a Eletronorte, empresa estatal do Sistema Eletrobras, foi acionada para ajudar o restabelecimento da energia no Amap\u00e1, o que n\u00e3o seria poss\u00edvel se o governo levar adiante o plano de privatizar a Eletrobras\u201d, diz o documento.<\/p>\n<p>\u201cA CUT, CNU, FNU e Stiu-AP tamb\u00e9m prestam solidariedade ao povo do Amap\u00e1 nesse momento de extrema dificuldade, sem energia el\u00e9trica, sem \u00e1gua e com um agravante ainda maior: em plena pandemia da Covid-19\u201d, conclui a nota.<\/p>\n<p><strong>Fonte: Contraf-CUT<\/strong><\/p>\n","protected":false},"excerpt":{"rendered":"<p>O drama das mais de 700 mil pessoas, em 13 dos 16 munic\u00edpios do estado do Amap\u00e1, completa uma semana nesta ter\u00e7a-feira (10). Eles est\u00e3o sem energia, \u00e1gua e combust\u00edveis desde a noite de ter\u00e7a-feira (3), quando a subesta\u00e7\u00e3o de energia que pegou fogo por volta das 20h40, na capital Macap\u00e1, levou ao desligamento autom\u00e1tico [&hellip;]<\/p>\n","protected":false},"author":2,"featured_media":9942,"comment_status":"","ping_status":"","sticky":false,"template":"","format":"standard","meta":{"footnotes":""},"categories":[3],"tags":[],"class_list":["post-9943","post","type-post","status-publish","format-standard","has-post-thumbnail","hentry","category-noticias"],"_links":{"self":[{"href":"https:\/\/hostnetart.com.br\/baixada\/wp-json\/wp\/v2\/posts\/9943","targetHints":{"allow":["GET"]}}],"collection":[{"href":"https:\/\/hostnetart.com.br\/baixada\/wp-json\/wp\/v2\/posts"}],"about":[{"href":"https:\/\/hostnetart.com.br\/baixada\/wp-json\/wp\/v2\/types\/post"}],"author":[{"embeddable":true,"href":"https:\/\/hostnetart.com.br\/baixada\/wp-json\/wp\/v2\/users\/2"}],"replies":[{"embeddable":true,"href":"https:\/\/hostnetart.com.br\/baixada\/wp-json\/wp\/v2\/comments?post=9943"}],"version-history":[{"count":0,"href":"https:\/\/hostnetart.com.br\/baixada\/wp-json\/wp\/v2\/posts\/9943\/revisions"}],"wp:featuredmedia":[{"embeddable":true,"href":"https:\/\/hostnetart.com.br\/baixada\/wp-json\/wp\/v2\/media\/9942"}],"wp:attachment":[{"href":"https:\/\/hostnetart.com.br\/baixada\/wp-json\/wp\/v2\/media?parent=9943"}],"wp:term":[{"taxonomy":"category","embeddable":true,"href":"https:\/\/hostnetart.com.br\/baixada\/wp-json\/wp\/v2\/categories?post=9943"},{"taxonomy":"post_tag","embeddable":true,"href":"https:\/\/hostnetart.com.br\/baixada\/wp-json\/wp\/v2\/tags?post=9943"}],"curies":[{"name":"wp","href":"https:\/\/api.w.org\/{rel}","templated":true}]}}