{"id":9937,"date":"2020-11-06T18:42:11","date_gmt":"2020-11-06T21:42:11","guid":{"rendered":"https:\/\/hostnetart.com.br\/baixada\/lucros-dos-bancos-aumentam-demissoes-tambem\/"},"modified":"2020-11-06T18:42:11","modified_gmt":"2020-11-06T21:42:11","slug":"lucros-dos-bancos-aumentam-demissoes-tambem","status":"publish","type":"post","link":"https:\/\/hostnetart.com.br\/baixada\/lucros-dos-bancos-aumentam-demissoes-tambem\/","title":{"rendered":"Lucros dos bancos aumentam. Demiss\u00f5es tamb\u00e9m."},"content":{"rendered":"<p>Os lucros l\u00edquidos dos grandes bancos privados brasileiros cresceram no terceiro trimestre deste ano, em rela\u00e7\u00e3o ao trimestre anterior. Em nove meses, o Banco Santander lucrou R$ 10 bilh\u00f5es, o Banco Bradesco lucrou R$ 12,7 bilh\u00f5es e o Banco Ita\u00fa lucrou R$ 13 bilh\u00f5es.\u00a0 O que eles tem em comum? Todos, mesmo com lucros extraordin\u00e1rios, est\u00e3o demitindo.<\/p>\n<p>As demiss\u00f5es de banc\u00e1rias e banc\u00e1rios v\u00e3o contra o compromisso assumido, no in\u00edcio do ano, de n\u00e3o demitirem durante a pandemia do novo coronav\u00edrus, apesar dos lucros estarem crescendo.<\/p>\n<p>Desde o come\u00e7o do ano, foram 12 mil banc\u00e1rios e banc\u00e1rios, pais e m\u00e3es de fam\u00edlia, que ficaram sem emprego em meio a uma crise econ\u00f4mica e sanit\u00e1ria. Os tr\u00eas maiores bancos (Bradesco, Santander e Ita\u00fa) s\u00e3o os campe\u00f5es das demiss\u00f5es.<\/p>\n<p>O aumento dos desligamentos motivou a Federa\u00e7\u00e3o dos Trabalhadores do Ramo Financeiro dos Estados do Rio de Janeiro e Esp\u00edrito Santo, junto com a Confedera\u00e7\u00e3o Nacional dos Trabalhadores do Ramo Financeiro (Contraf-CUT) e o movimento sindical banc\u00e1rio em todo o pa\u00eds, a se organizarem em uma campanha contra as demiss\u00f5es que deve durar, pelo menos, at\u00e9 o fim do ano.<\/p>\n<p>\u201cAl\u00e9m da for\u00e7a dos nossos sindicatos e federa\u00e7\u00f5es, a mobiliza\u00e7\u00e3o \u00e9 de grande import\u00e2ncia para mostrar que os bancos n\u00e3o se importam com a crise social causada pelo desemprego. Vamos mobilizar n\u00e3o s\u00f3 banc\u00e1rias e banc\u00e1rios, como amigos, fam\u00edlia e popula\u00e7\u00e3o em geral\u201d, \u00a0declarou o Presidente da Fetraf RJ\/ES, Nilton Dami\u00e3o Esperan\u00e7a.<\/p>\n<p><strong>Fonte: Fetraf RJ\/ES<\/strong><\/p>\n","protected":false},"excerpt":{"rendered":"<p>Os lucros l\u00edquidos dos grandes bancos privados brasileiros cresceram no terceiro trimestre deste ano, em rela\u00e7\u00e3o ao trimestre anterior. Em nove meses, o Banco Santander lucrou R$ 10 bilh\u00f5es, o Banco Bradesco lucrou R$ 12,7 bilh\u00f5es e o Banco Ita\u00fa lucrou R$ 13 bilh\u00f5es.\u00a0 O que eles tem em comum? Todos, mesmo com lucros extraordin\u00e1rios, [&hellip;]<\/p>\n","protected":false},"author":2,"featured_media":9936,"comment_status":"","ping_status":"","sticky":false,"template":"","format":"standard","meta":{"footnotes":""},"categories":[3],"tags":[],"class_list":["post-9937","post","type-post","status-publish","format-standard","has-post-thumbnail","hentry","category-noticias"],"_links":{"self":[{"href":"https:\/\/hostnetart.com.br\/baixada\/wp-json\/wp\/v2\/posts\/9937","targetHints":{"allow":["GET"]}}],"collection":[{"href":"https:\/\/hostnetart.com.br\/baixada\/wp-json\/wp\/v2\/posts"}],"about":[{"href":"https:\/\/hostnetart.com.br\/baixada\/wp-json\/wp\/v2\/types\/post"}],"author":[{"embeddable":true,"href":"https:\/\/hostnetart.com.br\/baixada\/wp-json\/wp\/v2\/users\/2"}],"replies":[{"embeddable":true,"href":"https:\/\/hostnetart.com.br\/baixada\/wp-json\/wp\/v2\/comments?post=9937"}],"version-history":[{"count":0,"href":"https:\/\/hostnetart.com.br\/baixada\/wp-json\/wp\/v2\/posts\/9937\/revisions"}],"wp:featuredmedia":[{"embeddable":true,"href":"https:\/\/hostnetart.com.br\/baixada\/wp-json\/wp\/v2\/media\/9936"}],"wp:attachment":[{"href":"https:\/\/hostnetart.com.br\/baixada\/wp-json\/wp\/v2\/media?parent=9937"}],"wp:term":[{"taxonomy":"category","embeddable":true,"href":"https:\/\/hostnetart.com.br\/baixada\/wp-json\/wp\/v2\/categories?post=9937"},{"taxonomy":"post_tag","embeddable":true,"href":"https:\/\/hostnetart.com.br\/baixada\/wp-json\/wp\/v2\/tags?post=9937"}],"curies":[{"name":"wp","href":"https:\/\/api.w.org\/{rel}","templated":true}]}}