{"id":9933,"date":"2020-11-06T13:24:30","date_gmt":"2020-11-06T16:24:30","guid":{"rendered":"https:\/\/hostnetart.com.br\/baixada\/contraf-cut-e-movimentos-sociais-intensificam-luta-contra-privatizacao-da-caixa\/"},"modified":"2020-11-06T13:24:30","modified_gmt":"2020-11-06T16:24:30","slug":"contraf-cut-e-movimentos-sociais-intensificam-luta-contra-privatizacao-da-caixa","status":"publish","type":"post","link":"https:\/\/hostnetart.com.br\/baixada\/contraf-cut-e-movimentos-sociais-intensificam-luta-contra-privatizacao-da-caixa\/","title":{"rendered":"Contraf-CUT e movimentos sociais intensificam luta contra privatiza\u00e7\u00e3o da Caixa"},"content":{"rendered":"<p>A Confedera\u00e7\u00e3o Nacional dos Trabalhadores do Ramo Financeiro (Contraf-CUT) e movimentos sindicais se unem na luta contra a privatiza\u00e7\u00e3o e o enfraquecimento da Caixa. As entidades alertam a popula\u00e7\u00e3o sobre a amea\u00e7a que o banco p\u00fablico vem sofrendo sob a mira de um governo privatista e pedem a participa\u00e7\u00e3o de todos para votarem a favor do Projeto de Lei 4.269\/20, que torna crime a privatiza\u00e7\u00e3o das estatais sem autoriza\u00e7\u00e3o do Congresso.<\/p>\n<p>O PL 4.269, de autoria dos deputados federais \u00c9rika Kokay (PT\/DF) e Frei Anast\u00e1cio Ribeiro (PT\/PB) prev\u00ea pena de 10 a 16 anos de reclus\u00e3o para quem insistir em privatizar estatais sem autoriza\u00e7\u00e3o do Legislativo. H\u00e1 tamb\u00e9m a previs\u00e3o de multa de 1% a 20% do faturamento bruto da empresa p\u00fablica ou da sociedade de economia mista afetada no exerc\u00edcio anterior \u00e0 ocorr\u00eancia do crime.<\/p>\n<p>Para incentivar a vota\u00e7\u00e3o do projeto, as entidades sindicais dialogam com a popula\u00e7\u00e3o sobre a import\u00e2ncia de votar a favor do PL na enquete, que est\u00e1 sendo realizada no Congresso Nacional. Na justificativa do projeto, os autores citam as irregularidades da MP 995, que autorizou a venda das subsidi\u00e1rias da Caixa, fatiando o banco p\u00fablico e diminuindo sua atua\u00e7\u00e3o.<\/p>\n<p>\u201cA participa\u00e7\u00e3o da popula\u00e7\u00e3o \u00e9 de extrema import\u00e2ncia na luta em defesa do nosso patrim\u00f4nio brasileiro. Estamos sendo constantemente amea\u00e7ados com a pol\u00edtica entreguista do atual governo. Temos que reunir for\u00e7as contra tantos retrocessos e fortalecer ainda mais a luta pela nossa soberania nacional\u201d, enfatizou Fabiana Uehara Proscholdt, coordenadora da CEE\/Caixa e secret\u00e1ria da Cultura da Contraf-CUT.<\/p>\n<p><strong>PL segue travado na C\u00e2mara. Entenda o porqu\u00ea<\/strong><\/p>\n<p>O texto do PL 4.269\/20 foi apresentado em 19 de agosto de 2020, mas segue travado na Casa. O motivo \u00e9 a Medida Provis\u00f3ria 1.000. Na \u00faltima ter\u00e7a-feira (03), por exemplo, as vota\u00e7\u00f5es foram canceladas por falta de qu\u00f3rum. Sem acordo, deputados de esquerda (PT PDT, PSB, PCdoB, Psol e Rede) refor\u00e7aram a obstru\u00e7\u00e3o em defesa da an\u00e1lise da Medida Provis\u00f3ria 1.000, que reduz o valor do aux\u00edlio emergencial para R$ 300 reais.<\/p>\n<p>\u201cDiante de um governo que est\u00e1 na contram\u00e3o do desenvolvimento social, devemos unir todas as for\u00e7as representativas da classe trabalhadora e do povo brasileiro para barrar a retirada de direitos, o enfraquecimento do patrim\u00f4nio p\u00fablico e fal\u00eancia da democracia em nosso pa\u00eds. Por isso, a import\u00e2ncia da aprova\u00e7\u00e3o do PL 4.269 e a urg\u00eancia da vota\u00e7\u00e3o da MP 1.000\u201d, destacou Juvandia Moreira, presidenta da Contraf-CUT.<\/p>\n<p>Clique\u00a0<a href=\"https:\/\/is.gd\/3W3VqD\">aqui<\/a>\u00a0e apoie o PL 4.269\/20.<\/p>\n<p><strong>MP 1.000 \u2013 Uma pedra no sapato do governo<\/strong><\/p>\n<p>A MP 1.000, que estende o aux\u00edlio emergencial at\u00e9 dezembro e reduz o valor das parcelas para R$ 300, est\u00e1 sendo considerada uma pedra no sapato do governo. Pela impopularidade da medida, o governo tenta empurrar a vota\u00e7\u00e3o para depois das elei\u00e7\u00f5es de 15 de novembro.<\/p>\n<p>Os partidos contr\u00e1rios ao governo buscam aumentar o valor das \u00faltimas parcelas do benef\u00edcio para R$ 600,00. De acordo com o l\u00edder do PT na C\u00e2mara, deputado Enio Verri (PT\/PR), a press\u00e3o para que a Medida entre na pauta de vota\u00e7\u00e3o segue firme.<\/p>\n<p><strong>Manifesta\u00e7\u00f5es de rua<\/strong><\/p>\n<p>A volta do aux\u00edlio para R$ 600,00 foi tamb\u00e9m pedida nesta ter\u00e7a-feira (3) em manifesta\u00e7\u00f5es de sindicatos em S\u00e3o Paulo. Segundo a CUT, foi a press\u00e3o das centrais sindicais e da oposi\u00e7\u00e3o que garantiu o valor de R$ 600,00 para o aux\u00edlio emergencial. A proposta inicial do governo era que ele fosse de R$ 200,00.<\/p>\n<p>Al\u00e9m do benef\u00edcio emergencial, a CUT e centrais sindicais querem a desonera\u00e7\u00e3o da folha de pagamento para que empresas possam manter empregos e reagir diante da crise econ\u00f4mica provocada pela pandemia. \u201cN\u00f3s estamos de m\u00e3os dadas com os movimentos sindicais. Estamos na imin\u00eancia de uma segunda onda da pandemia e o governo continua perdido, alheio \u00e0s quest\u00f5es sociais. N\u00e3o tem nenhum plano de recupera\u00e7\u00e3o econ\u00f4mica, muito menos para proteger milh\u00f5es de pessoas que v\u00e3o ficar completamente desamparadas com o fim do aux\u00edlio\u201d, disse S\u00e9rgio Takemoto, presidente da Fenae. \u201cVamos continuar pressionando o governo e o Congresso para prorrogar o benef\u00edcio no valor de R$ 600,00, que ainda \u00e9 insuficiente\u201d.<\/p>\n<p><span style=\"text-decoration: underline;\"><strong>Fonte: Contraf-CUT<\/strong><\/span><\/p>\n","protected":false},"excerpt":{"rendered":"<p>A Confedera\u00e7\u00e3o Nacional dos Trabalhadores do Ramo Financeiro (Contraf-CUT) e movimentos sindicais se unem na luta contra a privatiza\u00e7\u00e3o e o enfraquecimento da Caixa. As entidades alertam a popula\u00e7\u00e3o sobre a amea\u00e7a que o banco p\u00fablico vem sofrendo sob a mira de um governo privatista e pedem a participa\u00e7\u00e3o de todos para votarem a favor [&hellip;]<\/p>\n","protected":false},"author":2,"featured_media":9932,"comment_status":"","ping_status":"","sticky":false,"template":"","format":"standard","meta":{"footnotes":""},"categories":[3],"tags":[],"class_list":["post-9933","post","type-post","status-publish","format-standard","has-post-thumbnail","hentry","category-noticias"],"_links":{"self":[{"href":"https:\/\/hostnetart.com.br\/baixada\/wp-json\/wp\/v2\/posts\/9933","targetHints":{"allow":["GET"]}}],"collection":[{"href":"https:\/\/hostnetart.com.br\/baixada\/wp-json\/wp\/v2\/posts"}],"about":[{"href":"https:\/\/hostnetart.com.br\/baixada\/wp-json\/wp\/v2\/types\/post"}],"author":[{"embeddable":true,"href":"https:\/\/hostnetart.com.br\/baixada\/wp-json\/wp\/v2\/users\/2"}],"replies":[{"embeddable":true,"href":"https:\/\/hostnetart.com.br\/baixada\/wp-json\/wp\/v2\/comments?post=9933"}],"version-history":[{"count":0,"href":"https:\/\/hostnetart.com.br\/baixada\/wp-json\/wp\/v2\/posts\/9933\/revisions"}],"wp:featuredmedia":[{"embeddable":true,"href":"https:\/\/hostnetart.com.br\/baixada\/wp-json\/wp\/v2\/media\/9932"}],"wp:attachment":[{"href":"https:\/\/hostnetart.com.br\/baixada\/wp-json\/wp\/v2\/media?parent=9933"}],"wp:term":[{"taxonomy":"category","embeddable":true,"href":"https:\/\/hostnetart.com.br\/baixada\/wp-json\/wp\/v2\/categories?post=9933"},{"taxonomy":"post_tag","embeddable":true,"href":"https:\/\/hostnetart.com.br\/baixada\/wp-json\/wp\/v2\/tags?post=9933"}],"curies":[{"name":"wp","href":"https:\/\/api.w.org\/{rel}","templated":true}]}}