{"id":9923,"date":"2020-11-05T14:00:28","date_gmt":"2020-11-05T17:00:28","guid":{"rendered":"https:\/\/hostnetart.com.br\/baixada\/absolvicao-de-acusado-de-estupro-provoca-repudio\/"},"modified":"2020-11-05T14:00:28","modified_gmt":"2020-11-05T17:00:28","slug":"absolvicao-de-acusado-de-estupro-provoca-repudio","status":"publish","type":"post","link":"https:\/\/hostnetart.com.br\/baixada\/absolvicao-de-acusado-de-estupro-provoca-repudio\/","title":{"rendered":"Absolvi\u00e7\u00e3o de acusado de estupro provoca rep\u00fadio"},"content":{"rendered":"<p>A decis\u00e3o do juiz Rudson Marcos, da 3\u00aa Vara Criminal de Florian\u00f3polis, de absolver o empres\u00e1rio Andr\u00e9 de Camargo Aranha, acusado de estuprar a influencer Mariana Ferrer, provocou protestos em todo o pa\u00eds. Mariana foi atacada por Andr\u00e9 Aranha em 2018, quando tinha 21 anos, durante uma festa. O juiz, em sua senten\u00e7a, acolheu a tese de que o empres\u00e1rio cometeu um \u201cestupro culposo\u201d, crime que n\u00e3o existe na legisla\u00e7\u00e3o brasileira.<\/p>\n<p>Imagens feitas no local da festa mostram o ataque de Andr\u00e9 Aranha, corroborando a acusa\u00e7\u00e3o de estupro. A decis\u00e3o provocou revolta nos meios jur\u00eddicos e gerou protestos generalizados. A Central \u00danica dos Trabalhadores (CUT) emitiu nota de rep\u00fadio \u00e0 decis\u00e3o (veja a \u00edntegra da nota ao final do texto).<\/p>\n<p>\u201c\u00c9 assustador uma decis\u00e3o como essa, de estupro culposo, que n\u00e3o existe. Na semana passada, outro juiz absolveu um homem que matou uma mulher alegando a leg\u00edtima defesa da honra, uma alega\u00e7\u00e3o que tamb\u00e9m n\u00e3o existe na lei brasileira. Assusta porque corremos o risco de perder d\u00e9cadas de conquistas das mulheres. Lutar contra essa cultura da viol\u00eancia contra a mulher \u00e9 tarefa de todos\u201d, declarou Elaine Cutis, secret\u00e1ria da Mulher da Confedera\u00e7\u00e3o Nacional dos Trabalhadores do Ramos Financeiro (Contraf-CUT).<\/p>\n<p>Em novembro, a Contraf-CUT organiza, com outras entidades, uma campanha para marcar o Dia Internacional de Combate \u00e0 Viol\u00eancia Contra a Mulher, que \u00e9 dia 25. \u201c\u00c9 uma campanha para debater a viol\u00eancia contra a mulher. O Brasil certamente precisa estar nessa campanha\u201d, afirmou Elaine Cutis.<\/p>\n<p><strong>Veja a nota da CUT<\/strong><\/p>\n<p><strong><em>Nota de Rep\u00fadio: Estupro culposo n\u00e3o existe<\/em><\/strong><\/p>\n<p><em>A CUT, por meio de sua Secretaria de Mulheres, vem a p\u00fablico repudiar a a\u00e7\u00e3o da justi\u00e7a de Santa Catarina no caso do estupro de Mariana Ferrer.<\/em><\/p>\n<p><em>O Brasil tem se tornado em um dos piores pa\u00edses para mulheres e meninas. A cada 11 minutos, uma mulher sofre estupro, 30% das v\u00edtimas s\u00e3o menores de 13 anos de idade.<\/em><\/p>\n<p><em>Realidade essa refor\u00e7ada por institui\u00e7\u00f5es que deveriam combater a viol\u00eancia e proteger as v\u00edtimas.<\/em><\/p>\n<p><em>Exemplo disso \u00e9 a vergonhosa decis\u00e3o da Justi\u00e7a de Santa Catarina que por meio do juiz Rudson Marcos e do promotor Thiago Cari\u00e7o, ao julgar o caso de estupro de Mariana Ferrer optam por n\u00e3o cumprir a lei e punir o estuprador, numa tentativa de\u00a0 tornar a v\u00edtima em r\u00e9.<\/em><\/p>\n<p><em>As a\u00e7\u00f5es para inibi\u00e7\u00e3o da v\u00edtima durante o processo, por meio do advogado Claudio Gast\u00e3o, deixam claro como as v\u00edtimas de viol\u00eancia s\u00e3o tratadas pela sociedade machista e patriarcal, representada por homens brancos, ricos que culpam as mulheres e meninas, por suas atrocidades, exemplo do empres\u00e1rio, Andr\u00e9 de Camargo Aranha.<\/em><\/p>\n<p><em>At\u00e9 quando ficaremos gritando por justi\u00e7a? At\u00e9 quando a mulher v\u00edtima de viol\u00eancia ser\u00e1 julgada por seus algozes? Porque n\u00e3o s\u00e3o julgados os estupradores, mas sim as v\u00edtimas? At\u00e9 quando seremos v\u00edtimas de homens brancos e ricos que usam do dinheiro pra perpetuar suas viol\u00eancias e injusti\u00e7as? At\u00e9 quando seremos v\u00edtimas da impunidade?<\/em><\/p>\n<p><em>A CUT repudia mais essa injusti\u00e7a e exige que a Justi\u00e7a seja feita em toda a sua plenitude, com a puni\u00e7\u00e3o nos rigores da Lei, do estuprador Andr\u00e9 de Camargo Aranha, bem como a repara\u00e7\u00e3o da injusti\u00e7a cometida contra Mariana Ferrer.<\/em><\/p>\n<p><em>Estupro culposo n\u00e3o existe!!!<\/em><\/p>\n<p><em>Justi\u00e7a para Mariana e todas as mulheres e meninas!!!<\/em><\/p>\n<p><span style=\"text-decoration: underline;\"><strong>Fonte: Contraf-CUT<\/strong><\/span><\/p>\n","protected":false},"excerpt":{"rendered":"<p>A decis\u00e3o do juiz Rudson Marcos, da 3\u00aa Vara Criminal de Florian\u00f3polis, de absolver o empres\u00e1rio Andr\u00e9 de Camargo Aranha, acusado de estuprar a influencer Mariana Ferrer, provocou protestos em todo o pa\u00eds. Mariana foi atacada por Andr\u00e9 Aranha em 2018, quando tinha 21 anos, durante uma festa. O juiz, em sua senten\u00e7a, acolheu a [&hellip;]<\/p>\n","protected":false},"author":2,"featured_media":9922,"comment_status":"","ping_status":"","sticky":false,"template":"","format":"standard","meta":{"footnotes":""},"categories":[3],"tags":[],"class_list":["post-9923","post","type-post","status-publish","format-standard","has-post-thumbnail","hentry","category-noticias"],"_links":{"self":[{"href":"https:\/\/hostnetart.com.br\/baixada\/wp-json\/wp\/v2\/posts\/9923","targetHints":{"allow":["GET"]}}],"collection":[{"href":"https:\/\/hostnetart.com.br\/baixada\/wp-json\/wp\/v2\/posts"}],"about":[{"href":"https:\/\/hostnetart.com.br\/baixada\/wp-json\/wp\/v2\/types\/post"}],"author":[{"embeddable":true,"href":"https:\/\/hostnetart.com.br\/baixada\/wp-json\/wp\/v2\/users\/2"}],"replies":[{"embeddable":true,"href":"https:\/\/hostnetart.com.br\/baixada\/wp-json\/wp\/v2\/comments?post=9923"}],"version-history":[{"count":0,"href":"https:\/\/hostnetart.com.br\/baixada\/wp-json\/wp\/v2\/posts\/9923\/revisions"}],"wp:featuredmedia":[{"embeddable":true,"href":"https:\/\/hostnetart.com.br\/baixada\/wp-json\/wp\/v2\/media\/9922"}],"wp:attachment":[{"href":"https:\/\/hostnetart.com.br\/baixada\/wp-json\/wp\/v2\/media?parent=9923"}],"wp:term":[{"taxonomy":"category","embeddable":true,"href":"https:\/\/hostnetart.com.br\/baixada\/wp-json\/wp\/v2\/categories?post=9923"},{"taxonomy":"post_tag","embeddable":true,"href":"https:\/\/hostnetart.com.br\/baixada\/wp-json\/wp\/v2\/tags?post=9923"}],"curies":[{"name":"wp","href":"https:\/\/api.w.org\/{rel}","templated":true}]}}