{"id":9921,"date":"2020-11-04T18:21:36","date_gmt":"2020-11-04T21:21:36","guid":{"rendered":"https:\/\/hostnetart.com.br\/baixada\/com-autonomia-banco-central-ficara-preso-a-interesses-do-mercado-diz-lider-de-oposicao\/"},"modified":"2020-11-04T18:21:36","modified_gmt":"2020-11-04T21:21:36","slug":"com-autonomia-banco-central-ficara-preso-a-interesses-do-mercado-diz-lider-de-oposicao","status":"publish","type":"post","link":"https:\/\/hostnetart.com.br\/baixada\/com-autonomia-banco-central-ficara-preso-a-interesses-do-mercado-diz-lider-de-oposicao\/","title":{"rendered":"Com \u2018autonomia\u2019, Banco Central ficar\u00e1 preso a interesses do mercado, diz l\u00edder de oposi\u00e7\u00e3o"},"content":{"rendered":"<p>Por 56 votos a favor e 12 contra, o Senado aprovou, em sess\u00e3o remota realizada na noite desta ter\u00e7a-feira (3) o Projeto de Lei Complementar (PLP)\u00a0<a href=\"https:\/\/www25.senado.leg.br\/web\/atividade\/materias\/-\/materia\/135147\">19\/2019<\/a>, que confere autonomia ao Banco Central (BC). A proposta segue agora para discuss\u00e3o na C\u00e2mara dos Deputados.<\/p>\n<p>Sob pretexto de \u201cblindar\u201d a institui\u00e7\u00e3o de \u201cinger\u00eancias pol\u00edticas\u201d, o que os parlamentares aprovaram foi a \u201cautonomia\u201d em rela\u00e7\u00e3o \u00e0 soberania popular, denunciou o l\u00edder Rog\u00e9rio Carvalho\u00a0(SE), l\u00edder do PT no Senado.<\/p>\n<p>O projeto estabelece mandatos de quatro anos para o presidente e os diretores do Banco Central. Para assumir eles dever\u00e3o passar, ainda, por vota\u00e7\u00e3o secreta no Senado.<\/p>\n<p>Pela proposta, o novo chefe do banco dever\u00e1 assumir no terceiro ano de governo do presidente da Rep\u00fablica, de modo que o seu no comando da pol\u00edtica monet\u00e1ria n\u00e3o coincida com o mandato do chefe do Executivo.<\/p>\n<p>\u201cEstamos dando autonomia em rela\u00e7\u00e3o ao governo, mas n\u00e3o estamos dando autonomia em rela\u00e7\u00e3o\u00a0<a href=\"https:\/\/www.redebrasilatual.com.br\/economia\/2019\/12\/banco-central-na-mao-do-mercado-e-concentracao-bancaria-impedem-desenvolvimento-do-pais\/\">ao mercado<\/a>. Ou seja, haver\u00e1 autonomia com rela\u00e7\u00e3o \u00e0 vontade popular, ao governo eleito. Mas n\u00e3o haver\u00e1 autonomia em rela\u00e7\u00e3o ao mercado e aos interesses comerciais para quem vai dirigir a\u00a0pol\u00edtica\u00a0monet\u00e1ria do pa\u00eds\u201d, afirmou o l\u00edder petista.<\/p>\n<p>Carvalho destacou ainda que a proposta foi aprovada pelos senadores sem debate com a sociedade. Al\u00e9m dos seis dos seis senadores do PT, tamb\u00e9m votaram contra Randolfe Rodrigues (Rede-AP), Fabiano Contarato (Rede-ES), Regufe (Pode-DF), Weverton Rocha (PDT-MA), Jos\u00e9 Serra (PSDB-SP) e Zenaide Rocha (Pros-RN).<\/p>\n<h2><span style=\"text-decoration: underline;\">Dist\u00e2ncia da pol\u00edtica<\/span><\/h2>\n<p>Relator da proposta, o senador Telm\u00e1rio Mota (Pros-RR), defendeu a autonomia concedida ao Banco Central. Segundo ele, serviria para evitar \u201cinterpreta\u00e7\u00f5es equivocadas\u201d sobre decis\u00f5es na pol\u00edtica monet\u00e1ria, principalmente em anos eleitorais. O PLP 19\/2019 \u00e9 de autoria do Pl\u00ednio Val\u00e9rio (PSDB-AM).<\/p>\n<p>O presidente do Senado, Davi Alcolumbre (DEM-AP) tamb\u00e9m destacou \u201cbenef\u00edcios not\u00e1veis\u201d da suposta \u201cblindagem\u201d aos diretores do BC. Segundo ele, haveria aumento da credibilidade da autoridade monet\u00e1ria, que manteria compromisso \u201cinarred\u00e1vel\u201d no combate \u00e0 infla\u00e7\u00e3o. \u201cLivre das injun\u00e7\u00f5es e disputas pol\u00edticas para atingir tal objetivo\u201d, afirmou.<\/p>\n<h3>Objetivo secund\u00e1rio<\/h3>\n<p>Tamb\u00e9m foi aprovada uma emenda do senador Eduardo Braga (MDB-AM) que estabelece como \u201cobjetivos secund\u00e1rios\u201d do BC \u201csuavizar as flutua\u00e7\u00f5es do n\u00edvel de atividade econ\u00f4mica\u201d. Al\u00e9m de zelar pela solidez e efici\u00eancia do sistema financeiro. Mota incluiu, ainda, o fomento ao \u201cpleno emprego\u201d. No entanto, essas metas devem ficar subordinadas ao objetivo principal, que continua sendo o combate \u00e0 infla\u00e7\u00e3o, tendo a taxa b\u00e1sica de juros (a Selic) como principal mecanismo.<\/p>\n<p><strong>Fonte: Rede Brasil Atual<\/strong><\/p>\n","protected":false},"excerpt":{"rendered":"<p>Por 56 votos a favor e 12 contra, o Senado aprovou, em sess\u00e3o remota realizada na noite desta ter\u00e7a-feira (3) o Projeto de Lei Complementar (PLP)\u00a019\/2019, que confere autonomia ao Banco Central (BC). A proposta segue agora para discuss\u00e3o na C\u00e2mara dos Deputados. Sob pretexto de \u201cblindar\u201d a institui\u00e7\u00e3o de \u201cinger\u00eancias pol\u00edticas\u201d, o que os [&hellip;]<\/p>\n","protected":false},"author":2,"featured_media":9920,"comment_status":"","ping_status":"","sticky":false,"template":"","format":"standard","meta":{"footnotes":""},"categories":[3],"tags":[],"class_list":["post-9921","post","type-post","status-publish","format-standard","has-post-thumbnail","hentry","category-noticias"],"_links":{"self":[{"href":"https:\/\/hostnetart.com.br\/baixada\/wp-json\/wp\/v2\/posts\/9921","targetHints":{"allow":["GET"]}}],"collection":[{"href":"https:\/\/hostnetart.com.br\/baixada\/wp-json\/wp\/v2\/posts"}],"about":[{"href":"https:\/\/hostnetart.com.br\/baixada\/wp-json\/wp\/v2\/types\/post"}],"author":[{"embeddable":true,"href":"https:\/\/hostnetart.com.br\/baixada\/wp-json\/wp\/v2\/users\/2"}],"replies":[{"embeddable":true,"href":"https:\/\/hostnetart.com.br\/baixada\/wp-json\/wp\/v2\/comments?post=9921"}],"version-history":[{"count":0,"href":"https:\/\/hostnetart.com.br\/baixada\/wp-json\/wp\/v2\/posts\/9921\/revisions"}],"wp:featuredmedia":[{"embeddable":true,"href":"https:\/\/hostnetart.com.br\/baixada\/wp-json\/wp\/v2\/media\/9920"}],"wp:attachment":[{"href":"https:\/\/hostnetart.com.br\/baixada\/wp-json\/wp\/v2\/media?parent=9921"}],"wp:term":[{"taxonomy":"category","embeddable":true,"href":"https:\/\/hostnetart.com.br\/baixada\/wp-json\/wp\/v2\/categories?post=9921"},{"taxonomy":"post_tag","embeddable":true,"href":"https:\/\/hostnetart.com.br\/baixada\/wp-json\/wp\/v2\/tags?post=9921"}],"curies":[{"name":"wp","href":"https:\/\/api.w.org\/{rel}","templated":true}]}}