{"id":9919,"date":"2020-11-04T03:42:41","date_gmt":"2020-11-04T06:42:41","guid":{"rendered":"https:\/\/hostnetart.com.br\/baixada\/banco-do-brasil-amplia-horario-de-atendimento-ate-15h\/"},"modified":"2020-11-04T03:42:41","modified_gmt":"2020-11-04T06:42:41","slug":"banco-do-brasil-amplia-horario-de-atendimento-ate-15h","status":"publish","type":"post","link":"https:\/\/hostnetart.com.br\/baixada\/banco-do-brasil-amplia-horario-de-atendimento-ate-15h\/","title":{"rendered":"Banco do Brasil amplia hor\u00e1rio de atendimento at\u00e9 15h"},"content":{"rendered":"<p>O Banco do Brasil enviou, na semana passada, um comunicado \u00e0s unidades que realizam atendimento presencial aos clientes (ag\u00eancias e Postos de atendimento \u2013 PAAs) informando a amplia\u00e7\u00e3o do hor\u00e1rio, a partir desta ter\u00e7a-feira (3), para at\u00e9 \u00e0s 15h. Desde mar\u00e7o, quando foi decretada a pandemia no Brasil,\u00a0<a href=\"https:\/\/contrafcut.com.br\/noticias\/coronavirus-contraf-cut-cobra-atitude-do-banco-central\" target=\"_blank\" rel=\"noopener noreferrer\">a pedido do movimento sindical<\/a>, os bancos tinham reduzido o hor\u00e1rio para at\u00e9 14h. Antes da pandemia o atendimento ocorria at\u00e9 16h.<\/p>\n<p>\u201cA redu\u00e7\u00e3o do hor\u00e1rio de atendimento tinha a fun\u00e7\u00e3o de diminuir a lota\u00e7\u00e3o dos transportes p\u00fablicos nos hor\u00e1rios de pico e a exposi\u00e7\u00e3o dos funcion\u00e1rios ao risco de cont\u00e1gio. Estamos vendo um\u00a0<a href=\"https:\/\/noticias.r7.com\/brasil\/nova-onda-de-covid-19-em-manaus-contraria-imunidade-de-rebanho-28092020\" target=\"_blank\" rel=\"noopener noreferrer\">novo aumento dos casos de Covid-19<\/a>, por isso, acreditamos que haveria a necessidade de manter a redu\u00e7\u00e3o do hor\u00e1rio por mais algum tempo\u201d, defendeu a secret\u00e1ria de Juventude e representante da Confedera\u00e7\u00e3o Nacional dos Trabalhadores do Ramo Financeiro (Contraf-CUT) nas negocia\u00e7\u00f5es com o BB, Fernanda Lopes. \u201cAl\u00e9m disso, a amplia\u00e7\u00e3o do hor\u00e1rio de atendimento pode aumentar, ainda mais, a sobrecarga sobre os funcion\u00e1rios que est\u00e3o na linha de frente\u201d, completou.<\/p>\n<h3>Falha na comunica\u00e7\u00e3o<\/h3>\n<p>A dirigente da Contraf-CUT tamb\u00e9m critica a falta de comunica\u00e7\u00e3o pr\u00e9via ao movimento sindical. \u201cTemos um\u00a0<a href=\"https:\/\/contrafcut.com.br\/noticias\/coronavirus-comando-nacional-cria-comite-de-crise-com-bancos\" target=\"_blank\" rel=\"noopener noreferrer\">comit\u00ea que debate as quest\u00f5es relacionadas \u00e0 Covid-19<\/a>. E, mesmo que n\u00e3o existisse este comit\u00ea, temos uma mesa permanente de negocia\u00e7\u00f5es. N\u00e3o haveria qualquer problema, ou atraso em comunicar-nos, antecipadamente, tal decis\u00e3o\u201d, disse. Para ela, ao n\u00e3o passar a informa\u00e7\u00e3o com anteced\u00eancia \u00e0 representa\u00e7\u00e3o dos funcion\u00e1rios, o banco prejudica sua pr\u00f3pria comunica\u00e7\u00e3o. \u201cFuncion\u00e1rios entram em contato conosco perguntando sobre a medida e n\u00e3o temos como inform\u00e1-los corretamente\u201d, completou.<\/p>\n<p>Segundo o comunicado do banco, a amplia\u00e7\u00e3o do hor\u00e1rio foi uma delibera\u00e7\u00e3o tomada em reuni\u00e3o com a Federa\u00e7\u00e3o Brasileira dos Bancos (Febraban). Mas, Fernanda diz que o BB omitiu que a decis\u00e3o foi de que os bancos teriam a op\u00e7\u00e3o de aumentar ou n\u00e3o o hor\u00e1rio de atendimento.<\/p>\n<h3>Quem \u00e9 atingido<\/h3>\n<p>O BB informou em seu comunicado que as ag\u00eancias e PAAs ficar\u00e3o abertas ao p\u00fablico das 9h \u00e0s 15h (hor\u00e1rio de Bras\u00edlia \u2013 DF), sendo das 9h \u00e0s 10h para atendimento exclusivo para idosos, gestantes, pessoas portadoras de defici\u00eancia e pagamento de benef\u00edcios do INSS. Nas ag\u00eancias do Distrito Federal o atendimento ser\u00e1 das 11h \u00e0s 16h (hor\u00e1rio de Bras\u00edlia \u2013 DF).<\/p>\n<p>Os novos hor\u00e1rios n\u00e3o se aplicam aos \u201cEscrit\u00f3rios de Neg\u00f3cios\u201d do BB, uma vez que estes n\u00e3o realizam atendimento presencial. Tamb\u00e9m n\u00e3o afetam as unidades localizadas em shoppings, \u00f3rg\u00e3os p\u00fablicos, aeroportos ou universidades, que dever\u00e3o obedecer ao hor\u00e1rio do estabelecimento, com o atendimento m\u00ednimo de cinco horas.<\/p>\n<p>O banco informou, ainda, que, para evitar san\u00e7\u00f5es dos \u00f3rg\u00e3os reguladores, todas as unidades devem estar em conformidade com a Portaria de Aprova\u00e7\u00e3o do Plano de Seguran\u00e7a, incluindo, dentre os demais requisitos, o quadro completo de vigil\u00e2ncia durante todo o hor\u00e1rio de atendimento ao p\u00fablico.<\/p>\n<p><strong>Fonte: Contraf-CUT<\/strong><\/p>\n","protected":false},"excerpt":{"rendered":"<p>O Banco do Brasil enviou, na semana passada, um comunicado \u00e0s unidades que realizam atendimento presencial aos clientes (ag\u00eancias e Postos de atendimento \u2013 PAAs) informando a amplia\u00e7\u00e3o do hor\u00e1rio, a partir desta ter\u00e7a-feira (3), para at\u00e9 \u00e0s 15h. Desde mar\u00e7o, quando foi decretada a pandemia no Brasil,\u00a0a pedido do movimento sindical, os bancos tinham [&hellip;]<\/p>\n","protected":false},"author":2,"featured_media":9918,"comment_status":"","ping_status":"","sticky":false,"template":"","format":"standard","meta":{"footnotes":""},"categories":[3],"tags":[],"class_list":["post-9919","post","type-post","status-publish","format-standard","has-post-thumbnail","hentry","category-noticias"],"_links":{"self":[{"href":"https:\/\/hostnetart.com.br\/baixada\/wp-json\/wp\/v2\/posts\/9919","targetHints":{"allow":["GET"]}}],"collection":[{"href":"https:\/\/hostnetart.com.br\/baixada\/wp-json\/wp\/v2\/posts"}],"about":[{"href":"https:\/\/hostnetart.com.br\/baixada\/wp-json\/wp\/v2\/types\/post"}],"author":[{"embeddable":true,"href":"https:\/\/hostnetart.com.br\/baixada\/wp-json\/wp\/v2\/users\/2"}],"replies":[{"embeddable":true,"href":"https:\/\/hostnetart.com.br\/baixada\/wp-json\/wp\/v2\/comments?post=9919"}],"version-history":[{"count":0,"href":"https:\/\/hostnetart.com.br\/baixada\/wp-json\/wp\/v2\/posts\/9919\/revisions"}],"wp:featuredmedia":[{"embeddable":true,"href":"https:\/\/hostnetart.com.br\/baixada\/wp-json\/wp\/v2\/media\/9918"}],"wp:attachment":[{"href":"https:\/\/hostnetart.com.br\/baixada\/wp-json\/wp\/v2\/media?parent=9919"}],"wp:term":[{"taxonomy":"category","embeddable":true,"href":"https:\/\/hostnetart.com.br\/baixada\/wp-json\/wp\/v2\/categories?post=9919"},{"taxonomy":"post_tag","embeddable":true,"href":"https:\/\/hostnetart.com.br\/baixada\/wp-json\/wp\/v2\/tags?post=9919"}],"curies":[{"name":"wp","href":"https:\/\/api.w.org\/{rel}","templated":true}]}}