{"id":9917,"date":"2020-11-04T03:41:42","date_gmt":"2020-11-04T06:41:42","guid":{"rendered":"https:\/\/hostnetart.com.br\/baixada\/novembro-e-mes-de-combate-a-violencia-contra-a-mulher\/"},"modified":"2020-11-04T03:41:42","modified_gmt":"2020-11-04T06:41:42","slug":"novembro-e-mes-de-combate-a-violencia-contra-a-mulher","status":"publish","type":"post","link":"https:\/\/hostnetart.com.br\/baixada\/novembro-e-mes-de-combate-a-violencia-contra-a-mulher\/","title":{"rendered":"Novembro \u00e9 m\u00eas de combate \u00e0 viol\u00eancia contra a mulher"},"content":{"rendered":"<p>Neste m\u00eas de novembro, a luta contra a viol\u00eancia \u00e0 mulher ser\u00e1 tema de uma campanha desenvolvida pela Secretaria de Mulheres da Confedera\u00e7\u00e3o Nacional dos Trabalhadores do Ramo Financeiro (Contraf-CUT). As atividades culminam no dia 25, o Dia Internacional de Combate \u00e0 Viol\u00eancia Contra a Mulher. A secret\u00e1ria da Mulher da Contraf-CUT, Elaine Cutis, fala sobre a campanha e como \u00e9 a luta dentro da categoria banc\u00e1ria, que j\u00e1 registrou conquistas importantes este ano.<\/p>\n<p>Em 25 de novembro de 1960, tr\u00eas irm\u00e3s, P\u00e1tria, Minerva e Maria Teresa Mirabal, foram assassinadas na Rep\u00fablica Dominicana, por for\u00e7as militares do ent\u00e3o ditador Rafael Le\u00f3nidas Trujillo. A data foi assumida pelo movimento de mulheres de todo o mundo. \u201cDos anos 1960 para c\u00e1, tivemos importantes conquistas, mas as mulheres ainda hoje s\u00e3o as grandes v\u00edtimas de uma cultura patriarcal e machista que permanece fortemente enraizadas na sociedade. Os altos \u00edndices de viol\u00eancia contra a mulher registrados \u00e9 a prova cabal disso. A quest\u00e3o da viol\u00eancia ainda permanece um grave problema a ser enfrentado\u201d, disse Elaine Cutis.<\/p>\n<p>A secret\u00e1ria, por\u00e9m, faz uma observa\u00e7\u00e3o sobre a atual situa\u00e7\u00e3o. \u201cA despeito dos n\u00fameros, o atual governo brasileiro, com suas posi\u00e7\u00f5es conservadoras, preconceituosas e mis\u00f3ginas, refor\u00e7a esta cultura machista. Al\u00e9m de promover um verdadeiro desmonte das redes de enfrentamento \u00e0 viol\u00eancia contra a mulher com dr\u00e1sticos cortes no or\u00e7amento destinado \u00e0 essa pol\u00edtica espec\u00edfica\u201d, alerta.<\/p>\n<p><strong>Conquista<\/strong><\/p>\n<p>A categoria sempre teve uma forte atua\u00e7\u00e3o nas quest\u00f5es de g\u00eanero, tanto que foi a primeira a conquistar Cl\u00e1usula de Igualdade de Oportunidades em acordo coletivo e uma mesa de negocia\u00e7\u00e3o permanente. A mais recente conquista ocorreu em mar\u00e7o deste ano, a assinatura de acordo nacional entre a Federa\u00e7\u00e3o Nacional dos Bancos (Fenaban) e o Comando Nacional dos Banc\u00e1rios que garante a preven\u00e7\u00e3o, apoio e acompanhamento \u00e0 mulher que for v\u00edtima de viol\u00eancia dom\u00e9stica e familiar. Tamb\u00e9m estabelece canal de atendimento \u00e0s mulheres v\u00edtimas de viol\u00eancia dom\u00e9stica. Esse acordo foi incorporado na Conven\u00e7\u00e3o Coletiva de Trabalho (CCT), em setembro.<\/p>\n<p>\u201cA viol\u00eancia dom\u00e9stica afeta principalmente a habilidade e produtividade da v\u00edtima no emprego, se manifestando atrav\u00e9s de epis\u00f3dios de absente\u00edsmo, atrasos no trabalho, redu\u00e7\u00e3o moment\u00e2nea capacidade decis\u00f3ria e concentra\u00e7\u00e3o, aumento do n\u00edvel de estresse, reduz momentaneamente a produtividade, come\u00e7a a n\u00e3o cumprir as metas\u201d, observa a secret\u00e1ria de Mulher da Contraf-CUT.<\/p>\n<p>At\u00e9 2019, os bancos n\u00e3o possu\u00edam um programa para acolher e apoiar as trabalhadoras v\u00edtimas de viol\u00eancia dom\u00e9stica. \u201cA falta de orienta\u00e7\u00e3o por parte dos bancos contribui para a continuidade da cultura de viol\u00eancia e uma puni\u00e7\u00e3o da pr\u00f3pria v\u00edtima do processo. Se ela n\u00e3o cumpre a meta, \u00e9 mandada embora\u201d, ressalta Elaine Cutis. Essa dupla puni\u00e7\u00e3o sofrida pela banc\u00e1ria (viol\u00eancia e demiss\u00e3o) foi discutida com a Fenaban na mesa de negocia\u00e7\u00f5es de Igualdade e Oportunidades.<\/p>\n<p><strong>Avalia\u00e7\u00e3o positiva<\/strong><\/p>\n<p>\u201cMostramos para eles que algumas empresas j\u00e1 t\u00eam esse canal e a avalia\u00e7\u00e3o \u00e9 bastante positiva. Pode ser uma \u00f3tima trabalhadora que est\u00e1 sendo afetada em um momento cr\u00edtico e \u00e9 demitida porque n\u00e3o havia na empresa um olhar adequado para essa situa\u00e7\u00e3o\u201d, afirma a secret\u00e1ria da Mulher da Contraf-CUT.<\/p>\n<p>Na CCT assinada em setembro, est\u00e1 estabelecido um programa de combate \u00e0 viol\u00eancia. Al\u00e9m da cria\u00e7\u00e3o do canal, a cl\u00e1usula trata de a\u00e7\u00f5es de car\u00e1ter preventivo para lidar com a quest\u00e3o como, por exemplo, o treinamento de gestores para lidar com a situa\u00e7\u00e3o e identificar sinais de que uma banc\u00e1ria possa estar sendo v\u00edtima de viol\u00eancia. Elaine Cutis lembra que existem condi\u00e7\u00f5es especiais para as v\u00edtimas de viol\u00eancia. \u201cO canal faz acolhimento das v\u00edtimas, oferece atendimento psicol\u00f3gico, social, para orientar sobre os caminhos para romper com o ciclo da viol\u00eancia. Tamb\u00e9m prev\u00ea a possibilidade de um acompanhamento, para eventualmente transferir aquela mulher do local de trabalho, para um endere\u00e7o sigiloso. Prev\u00ea tamb\u00e9m a possibilidade de uma linha de cr\u00e9dito ou financiamento especial para as mulheres. T\u00eam muitas v\u00edtimas que n\u00e3o conseguem sair da situa\u00e7\u00e3o porque t\u00eam uma depend\u00eancia financeira do marido\u201d, explica a secret\u00e1ria.<\/p>\n<p><strong>Fonte: Contraf-CUT<\/strong><\/p>\n","protected":false},"excerpt":{"rendered":"<p>Neste m\u00eas de novembro, a luta contra a viol\u00eancia \u00e0 mulher ser\u00e1 tema de uma campanha desenvolvida pela Secretaria de Mulheres da Confedera\u00e7\u00e3o Nacional dos Trabalhadores do Ramo Financeiro (Contraf-CUT). As atividades culminam no dia 25, o Dia Internacional de Combate \u00e0 Viol\u00eancia Contra a Mulher. A secret\u00e1ria da Mulher da Contraf-CUT, Elaine Cutis, fala [&hellip;]<\/p>\n","protected":false},"author":2,"featured_media":9916,"comment_status":"","ping_status":"","sticky":false,"template":"","format":"standard","meta":{"footnotes":""},"categories":[3],"tags":[],"class_list":["post-9917","post","type-post","status-publish","format-standard","has-post-thumbnail","hentry","category-noticias"],"_links":{"self":[{"href":"https:\/\/hostnetart.com.br\/baixada\/wp-json\/wp\/v2\/posts\/9917","targetHints":{"allow":["GET"]}}],"collection":[{"href":"https:\/\/hostnetart.com.br\/baixada\/wp-json\/wp\/v2\/posts"}],"about":[{"href":"https:\/\/hostnetart.com.br\/baixada\/wp-json\/wp\/v2\/types\/post"}],"author":[{"embeddable":true,"href":"https:\/\/hostnetart.com.br\/baixada\/wp-json\/wp\/v2\/users\/2"}],"replies":[{"embeddable":true,"href":"https:\/\/hostnetart.com.br\/baixada\/wp-json\/wp\/v2\/comments?post=9917"}],"version-history":[{"count":0,"href":"https:\/\/hostnetart.com.br\/baixada\/wp-json\/wp\/v2\/posts\/9917\/revisions"}],"wp:featuredmedia":[{"embeddable":true,"href":"https:\/\/hostnetart.com.br\/baixada\/wp-json\/wp\/v2\/media\/9916"}],"wp:attachment":[{"href":"https:\/\/hostnetart.com.br\/baixada\/wp-json\/wp\/v2\/media?parent=9917"}],"wp:term":[{"taxonomy":"category","embeddable":true,"href":"https:\/\/hostnetart.com.br\/baixada\/wp-json\/wp\/v2\/categories?post=9917"},{"taxonomy":"post_tag","embeddable":true,"href":"https:\/\/hostnetart.com.br\/baixada\/wp-json\/wp\/v2\/tags?post=9917"}],"curies":[{"name":"wp","href":"https:\/\/api.w.org\/{rel}","templated":true}]}}