{"id":9913,"date":"2020-11-03T03:42:34","date_gmt":"2020-11-03T06:42:34","guid":{"rendered":"https:\/\/hostnetart.com.br\/baixada\/financiarios-assinam-cct-com-a-fenacrefi\/"},"modified":"2020-11-03T03:42:34","modified_gmt":"2020-11-03T06:42:34","slug":"financiarios-assinam-cct-com-a-fenacrefi","status":"publish","type":"post","link":"https:\/\/hostnetart.com.br\/baixada\/financiarios-assinam-cct-com-a-fenacrefi\/","title":{"rendered":"Financi\u00e1rios assinam CCT com a Fenacrefi"},"content":{"rendered":"<p>A Comiss\u00e3o de Organiza\u00e7\u00e3o dos Financi\u00e1rios assinou nesta sexta-feira (30) com a Federa\u00e7\u00e3o Interestadual das Institui\u00e7\u00f5es de Cr\u00e9dito, Financiamento e Investimento (Fenacrefi) a Conven\u00e7\u00e3o Coletiva de Trabalho (CCT) 2020\/2022 e CCT-PLR 2020\/2021. \u201cAgora, as financeiras t\u00eam prazo de 10 dias para pagar a antecipa\u00e7\u00e3o da Participa\u00e7\u00e3o nos Lucros e Resultados (PLR). Todas as diferen\u00e7as salariais e de t\u00edquete, assim como o abono de R$ 1.000,00, t\u00eam que ser pagos no sal\u00e1rio de outubro\u201d, destacou Jair Alves, coordenador da Comiss\u00e3o.<\/p>\n<p>Jair informou que a orienta\u00e7\u00e3o dada pela Fenacrefi \u00e0s financeiras era para acertar as diferen\u00e7as nos sal\u00e1rios de outubro, at\u00e9 30\/10. \u201cQualquer problema de atraso nesses pagamentos, a orienta\u00e7\u00e3o \u00e9 entrar em contato com as entidades sindicais e com a Contraf-CUT\u201d, afirmou o coordenador da Comiss\u00e3o. Jair tamb\u00e9m colocou seu e-mail \u00e0 disposi\u00e7\u00e3o para esclarecimentos e informa\u00e7\u00f5es: <a href=\"mailto:jalves@spbancarios.com.br\">jalves@spbancarios.com.br<\/a>.<\/p>\n<p><strong>Fonte: Contraf-CUT<\/strong><\/p>\n","protected":false},"excerpt":{"rendered":"<p>A Comiss\u00e3o de Organiza\u00e7\u00e3o dos Financi\u00e1rios assinou nesta sexta-feira (30) com a Federa\u00e7\u00e3o Interestadual das Institui\u00e7\u00f5es de Cr\u00e9dito, Financiamento e Investimento (Fenacrefi) a Conven\u00e7\u00e3o Coletiva de Trabalho (CCT) 2020\/2022 e CCT-PLR 2020\/2021. \u201cAgora, as financeiras t\u00eam prazo de 10 dias para pagar a antecipa\u00e7\u00e3o da Participa\u00e7\u00e3o nos Lucros e Resultados (PLR). Todas as diferen\u00e7as salariais [&hellip;]<\/p>\n","protected":false},"author":2,"featured_media":9912,"comment_status":"","ping_status":"","sticky":false,"template":"","format":"standard","meta":{"footnotes":""},"categories":[3],"tags":[],"class_list":["post-9913","post","type-post","status-publish","format-standard","has-post-thumbnail","hentry","category-noticias"],"_links":{"self":[{"href":"https:\/\/hostnetart.com.br\/baixada\/wp-json\/wp\/v2\/posts\/9913","targetHints":{"allow":["GET"]}}],"collection":[{"href":"https:\/\/hostnetart.com.br\/baixada\/wp-json\/wp\/v2\/posts"}],"about":[{"href":"https:\/\/hostnetart.com.br\/baixada\/wp-json\/wp\/v2\/types\/post"}],"author":[{"embeddable":true,"href":"https:\/\/hostnetart.com.br\/baixada\/wp-json\/wp\/v2\/users\/2"}],"replies":[{"embeddable":true,"href":"https:\/\/hostnetart.com.br\/baixada\/wp-json\/wp\/v2\/comments?post=9913"}],"version-history":[{"count":0,"href":"https:\/\/hostnetart.com.br\/baixada\/wp-json\/wp\/v2\/posts\/9913\/revisions"}],"wp:featuredmedia":[{"embeddable":true,"href":"https:\/\/hostnetart.com.br\/baixada\/wp-json\/wp\/v2\/media\/9912"}],"wp:attachment":[{"href":"https:\/\/hostnetart.com.br\/baixada\/wp-json\/wp\/v2\/media?parent=9913"}],"wp:term":[{"taxonomy":"category","embeddable":true,"href":"https:\/\/hostnetart.com.br\/baixada\/wp-json\/wp\/v2\/categories?post=9913"},{"taxonomy":"post_tag","embeddable":true,"href":"https:\/\/hostnetart.com.br\/baixada\/wp-json\/wp\/v2\/tags?post=9913"}],"curies":[{"name":"wp","href":"https:\/\/api.w.org\/{rel}","templated":true}]}}