{"id":9911,"date":"2020-11-03T03:30:27","date_gmt":"2020-11-03T06:30:27","guid":{"rendered":"https:\/\/hostnetart.com.br\/baixada\/com-mais-desalentados-subutilizados-e-excluidos-desemprego-bate-novo-recorde\/"},"modified":"2020-11-03T03:30:27","modified_gmt":"2020-11-03T06:30:27","slug":"com-mais-desalentados-subutilizados-e-excluidos-desemprego-bate-novo-recorde","status":"publish","type":"post","link":"https:\/\/hostnetart.com.br\/baixada\/com-mais-desalentados-subutilizados-e-excluidos-desemprego-bate-novo-recorde\/","title":{"rendered":"Com mais desalentados, subutilizados e exclu\u00eddos, desemprego bate novo recorde"},"content":{"rendered":"<p>A taxa de desemprego atingiu 14,4% no trimestre encerrado em agosto, batendo mais um recorde na s\u00e9rie hist\u00f3rica do\u00a0<a href=\"https:\/\/ibge.gov.br\/\" target=\"_blank\" rel=\"noopener noreferrer\">IBGE<\/a>, iniciada em 2012. Agora, o n\u00famero de desempregados foi estimado em 13,794 milh\u00f5es \u2013 1,083 milh\u00e3o a mais em apenas um trimestre (alta de 8,5%) e 1,229 milh\u00e3o a mais em rela\u00e7\u00e3o a igual per\u00edodo de 2019 (9,8%), quando a taxa m\u00e9dia era de 11,8%.<\/p>\n<p>A Pesquisa Nacional por Amostra de Domic\u00edlios (<a href=\"https:\/\/www.redebrasilatual.com.br\/economia\/2016\/03\/pnad-2819\/\" target=\"_blank\" rel=\"noopener noreferrer\">Pnad<\/a>) Cont\u00ednua trouxe outros recordes, todos negativos. O total de ocupados (81,666 milh\u00f5es), por exemplo, \u00e9 o menor da s\u00e9rie. Caiu 5% no trimestre (menos 4,270 milh\u00f5es de pessoas) e 12,8% em 12 meses (11,965 milh\u00f5es a menos). O n\u00edvel de ocupa\u00e7\u00e3o (46,8%) tamb\u00e9m \u00e9 o mais baixo da pesquisa.<\/p>\n<h3>Fora do mercado<\/h3>\n<p>Por outro lado, a popula\u00e7\u00e3o fora da for\u00e7a de trabalho chegou a 79,141 milh\u00f5es. Mais um recorde que agrava o problema do desemprego. Crescimento de 5,6% em um trimestre (4,177 milh\u00f5es) e de 21,9% (14,213 milh\u00f5es) em um ano.<\/p>\n<p>Assim, o n\u00famero de\u00a0empregados\u00a0com carteira\u00a0assinada no setor privado (29,067 milh\u00f5es) tamb\u00e9m foi o menor da s\u00e9rie. A queda \u00e9 de 6,5% em rela\u00e7\u00e3o ao trimestre anterior (menos 2,036 milh\u00f5es de pessoas) e de 12% (menos 3,975 milh\u00f5es) ante agosto de 2019.<\/p>\n<h3>Queda tamb\u00e9m nos informais<\/h3>\n<p>Nem o trabalho informal escapou. Estimado em 8,755 milh\u00f5es, o n\u00famero de\u00a0empregados\u00a0sem carteira caiu 5% (menos 463 mil pessoas) no trimestre e 25,8% (menos 3,041 milh\u00f5es) ante igual per\u00edodo do ano passado. E o total de\u00a0trabalhadores por conta pr\u00f3pria\u00a0(21,521 milh\u00f5es) caiu 4% (menos 894 mil) e -11,4% (2,773 milh\u00f5es), respectivamente. Al\u00e9m disso, o n\u00famero de\u00a0trabalhadores dom\u00e9sticos\u00a0(4,597 milh\u00f5es) tamb\u00e9m chegou ao menor n\u00edvel. Em 12 meses, caiu 27,5% (menos 1,745 milh\u00e3o).<\/p>\n<p>Outro recorde est\u00e1 no contingente de desalentados, pessoas que desistiram de procurar trabalho. Eles agora somam 5,9 milh\u00f5es. Crescimento de 8,1% em tr\u00eas meses (440 mil) e de 24,2% em 12 meses (1,1 milh\u00e3o). Em rela\u00e7\u00e3o \u00e0 for\u00e7a de trabalho, os desalentados representam 5,8% \u2013 mais um recorde.<\/p>\n<h3>Menos R$ 12 bi circulando<\/h3>\n<p>E os chamados subtilizados agora s\u00e3o 33,3 milh\u00f5es, tamb\u00e9m o maior n\u00famero da s\u00e9rie hist\u00f3rica. S\u00e3o as pessoas que gostariam de trabalhar mais. Acr\u00e9scimo de 3 milh\u00f5es em um trimestre (aumento de 9,7%) e de 5,6 milh\u00f5es em 12 meses (20%). A taxa de subutiliza\u00e7\u00e3o, tamb\u00e9m a maior, \u00e9 de 30,6%.<\/p>\n<p>Estimado em R$ 2.542, o rendimento m\u00e9dio cresceu: 3,1% no trimestre e 8,1% sobre 2019. Mas, considerando o menor numero de pessoas no mercado, a massa de rendimentos caiu 2,2% e 5,7%, respectivamente. Em um ano, isso representa R$ 12,3 bilh\u00f5es a menos circulando na economia brasileira.<\/p>\n<p><strong>Fonte: Rede Brasil Atual<\/strong><\/p>\n","protected":false},"excerpt":{"rendered":"<p>A taxa de desemprego atingiu 14,4% no trimestre encerrado em agosto, batendo mais um recorde na s\u00e9rie hist\u00f3rica do\u00a0IBGE, iniciada em 2012. Agora, o n\u00famero de desempregados foi estimado em 13,794 milh\u00f5es \u2013 1,083 milh\u00e3o a mais em apenas um trimestre (alta de 8,5%) e 1,229 milh\u00e3o a mais em rela\u00e7\u00e3o a igual per\u00edodo de [&hellip;]<\/p>\n","protected":false},"author":2,"featured_media":9910,"comment_status":"","ping_status":"","sticky":false,"template":"","format":"standard","meta":{"footnotes":""},"categories":[3],"tags":[],"class_list":["post-9911","post","type-post","status-publish","format-standard","has-post-thumbnail","hentry","category-noticias"],"_links":{"self":[{"href":"https:\/\/hostnetart.com.br\/baixada\/wp-json\/wp\/v2\/posts\/9911","targetHints":{"allow":["GET"]}}],"collection":[{"href":"https:\/\/hostnetart.com.br\/baixada\/wp-json\/wp\/v2\/posts"}],"about":[{"href":"https:\/\/hostnetart.com.br\/baixada\/wp-json\/wp\/v2\/types\/post"}],"author":[{"embeddable":true,"href":"https:\/\/hostnetart.com.br\/baixada\/wp-json\/wp\/v2\/users\/2"}],"replies":[{"embeddable":true,"href":"https:\/\/hostnetart.com.br\/baixada\/wp-json\/wp\/v2\/comments?post=9911"}],"version-history":[{"count":0,"href":"https:\/\/hostnetart.com.br\/baixada\/wp-json\/wp\/v2\/posts\/9911\/revisions"}],"wp:featuredmedia":[{"embeddable":true,"href":"https:\/\/hostnetart.com.br\/baixada\/wp-json\/wp\/v2\/media\/9910"}],"wp:attachment":[{"href":"https:\/\/hostnetart.com.br\/baixada\/wp-json\/wp\/v2\/media?parent=9911"}],"wp:term":[{"taxonomy":"category","embeddable":true,"href":"https:\/\/hostnetart.com.br\/baixada\/wp-json\/wp\/v2\/categories?post=9911"},{"taxonomy":"post_tag","embeddable":true,"href":"https:\/\/hostnetart.com.br\/baixada\/wp-json\/wp\/v2\/tags?post=9911"}],"curies":[{"name":"wp","href":"https:\/\/api.w.org\/{rel}","templated":true}]}}