{"id":9909,"date":"2020-10-30T20:52:17","date_gmt":"2020-10-30T23:52:17","guid":{"rendered":"https:\/\/hostnetart.com.br\/baixada\/bancos-aumentam-lucros-e-demissoes\/"},"modified":"2020-10-30T20:52:17","modified_gmt":"2020-10-30T23:52:17","slug":"bancos-aumentam-lucros-e-demissoes","status":"publish","type":"post","link":"https:\/\/hostnetart.com.br\/baixada\/bancos-aumentam-lucros-e-demissoes\/","title":{"rendered":"Bancos aumentam lucros e demiss\u00f5es"},"content":{"rendered":"<p>Os lucros l\u00edquidos de dois grandes bancos privados brasileiros, Santander e Bradesco, divulgados nesta semana cresceram no terceiro trimestre deste ano, em rela\u00e7\u00e3o ao trimestre anterior. Mesmo com o crescimento dos lucros, os bancos aumentaram o ritmo de demiss\u00f5es de banc\u00e1rios, em descumprimento do compromisso assumido no in\u00edcio do ano de n\u00e3o demitirem durante a pandemia do novo coronav\u00edrus. Nesta quinta-feira (29), houve protestos contra demiss\u00f5es em todo o Brasil. As manifesta\u00e7\u00f5es foram nas unidades do Bradesco, mas em alguns estados houve atos em ag\u00eancias do Santander e do Ita\u00fa.<\/p>\n<p>Na ter\u00e7a-feira (27), o Santander divulgou o balan\u00e7o do terceiro trimestre de 2020, com lucro l\u00edquido cont\u00e1bil de R$ 3,811 bilh\u00f5es, alta de 88,2% em rela\u00e7\u00e3o ao trimestre anterior. Na quarta-feira, foi a vez do Bradesco, que registrou lucro l\u00edquido cont\u00e1bil de R$ 4,194 bilh\u00f5es no terceiro trimestre de 2020. Nos tr\u00eas meses anteriores, o lucro foi de R$ 3,506 bilh\u00f5es.<\/p>\n<p>Apesar de os lucros estarem crescendo, o Santander acelerou o ritmo das demiss\u00f5es este ano. O banco demitiu 2.045 funcion\u00e1rios no Brasil entre o in\u00edcio de abril e o fim de setembro, os meses mais agudos da pandemia. J\u00e1 o Bradesco demitiu 1.224 trabalhadores desde o dia 28 de setembro, de acordo com a Comiss\u00e3o de Organiza\u00e7\u00e3o dos Empregados (COE) do banco. No terceiro trimestre, o Bradesco fechou 372 ag\u00eancias e projeta fechar 500.<\/p>\n<p>\u201cFrente \u00e0 crise, os bancos privados est\u00e3o implementando r\u00e1pidos cortes de despesas, inclusive a de pessoal, para recompor as margens de lucro. Mesmo com este cen\u00e1rio, n\u00e3o aceitam lucrar menos, preferem desempregar milhares de trabalhadores\u201d, declarou B\u00e1rbara Vallejos, doutoranda em Desenvolvimento Econ\u00f4mico e t\u00e9cnica do Departamento Intersindical de Estudos e Estat\u00edsticas Socioecon\u00f4micas (Dieese).<\/p>\n<p>Os bancos j\u00e1 demitiram mais de 12 mil trabalhadores este ano, de acordo com o Cadastro Geral de Empregados e Desempregados (Caged) do Minist\u00e9rio da Economia. O ritmo das demiss\u00f5es vem aumentando nos \u00faltimos meses. Em junho, foram registradas 1.363 demiss\u00f5es, n\u00famero que sobe para 1.634 em julho e atinge 1.841 em agosto.<\/p>\n<p><strong>Dia Nacional de Luta Contra as Demiss\u00f5es<\/strong><\/p>\n<p>O aumento dos desligamentos motivou a Confedera\u00e7\u00e3o Nacional dos Trabalhadores do Ramo Financeiro (Contraf-CUT) e o movimento sindical banc\u00e1rio em todo o pa\u00eds a fazerem a campanha contra as demiss\u00f5es. Nesta quinta-feira (29), houve manifesta\u00e7\u00f5es em todo o pa\u00eds contra as demiss\u00f5es nos bancos. O maior protesto ocorreu nas unidades do Bradesco. Foi o Dia Nacional de Luta Contra as Demiss\u00f5es no Bradesco. Em alguns estados, houve ades\u00f5es \u00e0s manifesta\u00e7\u00f5es em ag\u00eancias do Ita\u00fa e do Santander.<\/p>\n<p>\u201cAs paraliza\u00e7\u00f5es foram muito boas. Onde n\u00e3o paralisou, houve atos de protesto ou retardamento da abertura. Mas a dire\u00e7\u00e3o do banco n\u00e3o quer conversar. Mesmo com esse lucro alt\u00edssimo, o presidente do banco anuncia o fechamento de mais de 1.100 ag\u00eancias at\u00e9 o final do ano. Para ele, trabalhador \u00e9 \u2018mato alto\u2019, que precisa ser cortado\u201d, declarou Magaly Fagundes, coordenadora da Comiss\u00e3o de Organiza\u00e7\u00e3o dos Empregados (COE) do Bradesco.<\/p>\n<p>Para ver as fotos das manifesta\u00e7\u00f5es, clique\u00a0<a href=\"https:\/\/www.facebook.com\/media\/set\/?vanity=contrafcut&amp;set=a.4012952895384382\">aqui<\/a>.<\/p>\n<p>Nesta sexta-feira (30), os protestos continuam em todo o pa\u00eds. Ser\u00e1 organizado um tuita\u00e7o para protestar contra a postura dos bancos de intensificar as demiss\u00f5es neste segundo semestre. O tuita\u00e7o ser\u00e1 \u00e0s 11h com a hashtag #QuemLucraN\u00e3oDemite.<\/p>\n<p><strong>Fonte: Contraf-CUT<\/strong><\/p>\n","protected":false},"excerpt":{"rendered":"<p>Os lucros l\u00edquidos de dois grandes bancos privados brasileiros, Santander e Bradesco, divulgados nesta semana cresceram no terceiro trimestre deste ano, em rela\u00e7\u00e3o ao trimestre anterior. Mesmo com o crescimento dos lucros, os bancos aumentaram o ritmo de demiss\u00f5es de banc\u00e1rios, em descumprimento do compromisso assumido no in\u00edcio do ano de n\u00e3o demitirem durante a [&hellip;]<\/p>\n","protected":false},"author":2,"featured_media":9908,"comment_status":"","ping_status":"","sticky":false,"template":"","format":"standard","meta":{"footnotes":""},"categories":[3],"tags":[],"class_list":["post-9909","post","type-post","status-publish","format-standard","has-post-thumbnail","hentry","category-noticias"],"_links":{"self":[{"href":"https:\/\/hostnetart.com.br\/baixada\/wp-json\/wp\/v2\/posts\/9909","targetHints":{"allow":["GET"]}}],"collection":[{"href":"https:\/\/hostnetart.com.br\/baixada\/wp-json\/wp\/v2\/posts"}],"about":[{"href":"https:\/\/hostnetart.com.br\/baixada\/wp-json\/wp\/v2\/types\/post"}],"author":[{"embeddable":true,"href":"https:\/\/hostnetart.com.br\/baixada\/wp-json\/wp\/v2\/users\/2"}],"replies":[{"embeddable":true,"href":"https:\/\/hostnetart.com.br\/baixada\/wp-json\/wp\/v2\/comments?post=9909"}],"version-history":[{"count":0,"href":"https:\/\/hostnetart.com.br\/baixada\/wp-json\/wp\/v2\/posts\/9909\/revisions"}],"wp:featuredmedia":[{"embeddable":true,"href":"https:\/\/hostnetart.com.br\/baixada\/wp-json\/wp\/v2\/media\/9908"}],"wp:attachment":[{"href":"https:\/\/hostnetart.com.br\/baixada\/wp-json\/wp\/v2\/media?parent=9909"}],"wp:term":[{"taxonomy":"category","embeddable":true,"href":"https:\/\/hostnetart.com.br\/baixada\/wp-json\/wp\/v2\/categories?post=9909"},{"taxonomy":"post_tag","embeddable":true,"href":"https:\/\/hostnetart.com.br\/baixada\/wp-json\/wp\/v2\/tags?post=9909"}],"curies":[{"name":"wp","href":"https:\/\/api.w.org\/{rel}","templated":true}]}}