{"id":9901,"date":"2020-10-30T12:46:59","date_gmt":"2020-10-30T15:46:59","guid":{"rendered":"https:\/\/hostnetart.com.br\/baixada\/resultado-de-setembro-nao-reverte-queda-do-emprego-formal-menos-559-mil-vagas-em-2020\/"},"modified":"2020-10-30T12:46:59","modified_gmt":"2020-10-30T15:46:59","slug":"resultado-de-setembro-nao-reverte-queda-do-emprego-formal-menos-559-mil-vagas-em-2020","status":"publish","type":"post","link":"https:\/\/hostnetart.com.br\/baixada\/resultado-de-setembro-nao-reverte-queda-do-emprego-formal-menos-559-mil-vagas-em-2020\/","title":{"rendered":"Resultado de setembro n\u00e3o reverte queda do emprego formal: menos 559 mil vagas em 2020"},"content":{"rendered":"<p>O emprego formal teve crescimento em setembro, segundo o \u201cnovo\u201d\u00a0<a href=\"http:\/\/portalfat.mte.gov.br\/cadastro-geral-de-empregados-e-desempregados-caged\/\" target=\"_blank\" rel=\"noopener noreferrer\">Cadastro Geral de Empregados e Desempregados<\/a>\u00a0(Caged), divulgado hoje (29) pelo Minist\u00e9rio da Economia. Entre admiss\u00f5es e desligamentos, o saldo foi de 313.564 postos de trabalho com carteira assinada. Mas o resultado positivo do m\u00eas n\u00e3o reverteu a queda acumulada no ano. Agora, o pa\u00eds perde 558.597 vagas em 2020.<\/p>\n<p>Com os dados desta quinta-feira, o estoque de empregos formais no pa\u00eds chegou a 38.251.026. H\u00e1 um ano, era de aproximadamente 39,2 milh\u00f5es. Em setembro de 2014, chegava a quase 41,6 milh\u00f5es.<\/p>\n<p>Apenas em setembro, a ind\u00fastria abriu 110.868 vagas com carteira e os servi\u00e7os, 80.481. O segmento que inclui com\u00e9rcio e repara\u00e7\u00e3o de ve\u00edculos criou 69.239 e a constru\u00e7\u00e3o, 45.249.<\/p>\n<h3>Com\u00e9rcio e servi\u00e7os, queda livre<\/h3>\n<p>A situa\u00e7\u00e3o muda com os n\u00fameros acumulados no ano. O crescimento se concentra na agropecu\u00e1ria (102.467, alta de 6,9% no estoque) e na constru\u00e7\u00e3o (102.108, 4,7%). Um pouco menos na administra\u00e7\u00e3o p\u00fablica: 64.770 (1,3%) O com\u00e9rcio elimina 345.677 postos de trabalho (-3,7%) e os servi\u00e7os fecham 418.040 (-2,3%). Ind\u00fastria e setor dom\u00e9stico ficam est\u00e1veis.<\/p>\n<p>O chamado trabalho intermitente acumula saldo de 42.532 vagas de janeiro a setembro, enquanto o trabalho parcial fechou 13.137. Os desligamentos \u201cpor acordo\u201d somam 131.343.<\/p>\n<p>O sal\u00e1rio m\u00e9dio de admiss\u00e3o foi estimado em R$ 1.710,97, abaixo de agosto e acima de setembro do ano passado (sem desconto da infla\u00e7\u00e3o). O Minist\u00e9rio da Economia deixou de divulgar o sal\u00e1rio dos demitidos, invariavelmente maior que o dos contratados.<\/p>\n<p><strong>Fonte: Rede Brasil Atual<\/strong><\/p>\n","protected":false},"excerpt":{"rendered":"<p>O emprego formal teve crescimento em setembro, segundo o \u201cnovo\u201d\u00a0Cadastro Geral de Empregados e Desempregados\u00a0(Caged), divulgado hoje (29) pelo Minist\u00e9rio da Economia. Entre admiss\u00f5es e desligamentos, o saldo foi de 313.564 postos de trabalho com carteira assinada. Mas o resultado positivo do m\u00eas n\u00e3o reverteu a queda acumulada no ano. Agora, o pa\u00eds perde 558.597 [&hellip;]<\/p>\n","protected":false},"author":2,"featured_media":9900,"comment_status":"","ping_status":"","sticky":false,"template":"","format":"standard","meta":{"footnotes":""},"categories":[3],"tags":[],"class_list":["post-9901","post","type-post","status-publish","format-standard","has-post-thumbnail","hentry","category-noticias"],"_links":{"self":[{"href":"https:\/\/hostnetart.com.br\/baixada\/wp-json\/wp\/v2\/posts\/9901","targetHints":{"allow":["GET"]}}],"collection":[{"href":"https:\/\/hostnetart.com.br\/baixada\/wp-json\/wp\/v2\/posts"}],"about":[{"href":"https:\/\/hostnetart.com.br\/baixada\/wp-json\/wp\/v2\/types\/post"}],"author":[{"embeddable":true,"href":"https:\/\/hostnetart.com.br\/baixada\/wp-json\/wp\/v2\/users\/2"}],"replies":[{"embeddable":true,"href":"https:\/\/hostnetart.com.br\/baixada\/wp-json\/wp\/v2\/comments?post=9901"}],"version-history":[{"count":0,"href":"https:\/\/hostnetart.com.br\/baixada\/wp-json\/wp\/v2\/posts\/9901\/revisions"}],"wp:featuredmedia":[{"embeddable":true,"href":"https:\/\/hostnetart.com.br\/baixada\/wp-json\/wp\/v2\/media\/9900"}],"wp:attachment":[{"href":"https:\/\/hostnetart.com.br\/baixada\/wp-json\/wp\/v2\/media?parent=9901"}],"wp:term":[{"taxonomy":"category","embeddable":true,"href":"https:\/\/hostnetart.com.br\/baixada\/wp-json\/wp\/v2\/categories?post=9901"},{"taxonomy":"post_tag","embeddable":true,"href":"https:\/\/hostnetart.com.br\/baixada\/wp-json\/wp\/v2\/tags?post=9901"}],"curies":[{"name":"wp","href":"https:\/\/api.w.org\/{rel}","templated":true}]}}