{"id":9895,"date":"2020-10-29T16:11:15","date_gmt":"2020-10-29T19:11:15","guid":{"rendered":"https:\/\/hostnetart.com.br\/baixada\/coletivo-nacional-dos-bancarios-pede-esclarecimentos-a-fenaban-sobre-auxilio-doenca-da-categoria\/"},"modified":"2020-10-29T16:11:15","modified_gmt":"2020-10-29T19:11:15","slug":"coletivo-nacional-dos-bancarios-pede-esclarecimentos-a-fenaban-sobre-auxilio-doenca-da-categoria","status":"publish","type":"post","link":"https:\/\/hostnetart.com.br\/baixada\/coletivo-nacional-dos-bancarios-pede-esclarecimentos-a-fenaban-sobre-auxilio-doenca-da-categoria\/","title":{"rendered":"Coletivo Nacional dos Banc\u00e1rios pede esclarecimentos \u00e0 Fenaban sobre aux\u00edlio doen\u00e7a da categoria"},"content":{"rendered":"<p>Em reuni\u00e3o, realizada nesta quarta-feira (28) com a Federa\u00e7\u00e3o Nacional dos Bancos (Fenaban), o Coletivo Nacional dos Banc\u00e1rios pediu esclarecimentos sobre os problemas na interpreta\u00e7\u00e3o de cl\u00e1usula da CCT que trata de complementa\u00e7\u00e3o salarial aos banc\u00e1rios afastados por doen\u00e7a. Tamb\u00e9m foram cobradas dos bancos explica\u00e7\u00f5es sobre a demiss\u00e3o de trabalhadores doentes e a retomada de medidas protetivas, devido ao aumento de casos de Covid-19. Os representantes dos trabalhadores externaram a preocupa\u00e7\u00e3o com a flexibiliza\u00e7\u00e3o das medidas protetivas.<\/p>\n<p>Na ocasi\u00e3o, o Coletivo esclareceu que a complementa\u00e7\u00e3o salarial prevista na cl\u00e1usula 29 da CCT, al\u00e9m de complementar o sal\u00e1rio total, traz as garantias jur\u00eddicas previstas na Conven\u00e7\u00e3o. Portanto, deve ser garantida a complementa\u00e7\u00e3o e todos os reflexos nas verbas salariais, PLR, t\u00edquete, entre outros. O valor emergencial \u00e9 de R$ 1.045,00 estabelecido pela lei 13892\/20, mas h\u00e1 casos em que o afastado est\u00e1 sobrevivendo com apenas um sal\u00e1rio m\u00ednimo, visto que em algumas situa\u00e7\u00f5es n\u00e3o pagam o adiantamento emergencial de sal\u00e1rio. Tamb\u00e9m foi cobrado que, em eventuais ressarcimentos aos bancos, n\u00e3o sejam descontadas parcelas acima de 30% dos sal\u00e1rios.<\/p>\n<p>Segundo Mauro Salles Machado, secret\u00e1rio de Sa\u00fade do Trabalhador da Contraf-CUT, a interpreta\u00e7\u00e3o dos banco sobre a complementa\u00e7\u00e3o salarial do aux\u00edlio doen\u00e7a est\u00e1 em desacordo com a cl\u00e1usula da CCT e t\u00eam gerado preju\u00edzo aos trabalhadores. No que diz respeito aos n\u00fameros de infec\u00e7\u00e3o por Covid-19 que est\u00e3o aumentando em todo o pa\u00eds, Mauro destacou a preocupa\u00e7\u00e3o com a prote\u00e7\u00e3o da sa\u00fade da categoria. \u201cA segunda onda est\u00e1 ocorrendo em v\u00e1rios pa\u00edses e, no Brasil, o n\u00edvel de infec\u00e7\u00e3o continua alto e est\u00e1 voltando a crescer. Desta forma, cobramos dos bancos a retomada das discuss\u00f5es sobre medidas de prote\u00e7\u00e3o aos trabalhadores, diante deste cen\u00e1rio do crescimento das infec\u00e7\u00f5es e mortes causadas pelo coronav\u00edrus\u201d, explicou.\u00a0<\/p>\n<p>Os representantes da Fenaban, refor\u00e7aram a preocupa\u00e7\u00e3o com a pandemia e concordaram com a necessidade de retomar a mesa de debates sobre o assunto, e ainda afirmaram que os bancos ser\u00e3o orientados a terem um rigor maior evitando flexibilizar medidas diante da piora do cen\u00e1rio.<\/p>\n<p>Mauro tamb\u00e9m relatou a indigna\u00e7\u00e3o do movimento sindical com a demiss\u00e3o de trabalhadores doentes, com doen\u00e7as graves como c\u00e2ncer e mesmo com Covid-19. Citou o exemplo de uma banc\u00e1ria que foi demitida por telefone com quadro de adoecimento pela doen\u00e7a, sendo obrigada a comparecer ao exame demissional. Segundo a banc\u00e1ria n\u00e3o houve atendimento por parte da medicina ocupacional do banco, por causa do risco de contamina\u00e7\u00e3o, mas mesmo assim o banco manteve a demiss\u00e3o. \u201c\u00c9 inadmiss\u00edvel a postura dos bancos quanto ao grupo de risco, que muitas vezes est\u00e3o sendo pressionados a retornar ao trabalho presencial, sendo obrigados a apresentarem relat\u00f3rios m\u00e9dicos, al\u00e9m da autodeclara\u00e7\u00e3o, e muitas vezes acabam sendo demitidos\u201d, disse.<\/p>\n<p><strong>Posi\u00e7\u00e3o da Fenaban<\/strong><\/p>\n<p>A Fenaban pediu um prazo para apresentar uma posi\u00e7\u00e3o sobre o assunto, que dever\u00e1 ocorrer no in\u00edcio de novembro.<\/p>\n<p>O representante dos bancos, Adauto, afirmou que ir\u00e1 sugerir aos bancos ajustes nos processos de demiss\u00e3o, em rela\u00e7\u00e3o \u00e0s den\u00fancias de demiss\u00f5es de trabalhadores doentes. E que dar\u00e1 retorno aos representantes sindicais sobre esse assunto bem como quanto \u00e0 iniciativa de refor\u00e7ar a vigil\u00e2ncia no enfrentamento \u00e0 pandemia diante do cen\u00e1rio preocupante.<\/p>\n<p>Em rela\u00e7\u00e3o aos problemas relativos \u00e0 interpreta\u00e7\u00e3o da cl\u00e1usula 29 da CCT, quanto \u00e0 complementa\u00e7\u00e3o salarial e eventual endividamento, ficou definido o aprofundamento do debate junto aos bancos e a Fenaban nos dar\u00e1 uma posi\u00e7\u00e3o em breve, mesmo que adiantando uma avalia\u00e7\u00e3o inicial de que tem o entendimento de que o cab\u00edvel seria tratar como adiantamento.<\/p>\n<p>A Fenaban pediu um prazo para apresentar uma posi\u00e7\u00e3o sobre o assunto, que dever\u00e1 ocorrer no in\u00edcio de novembro.<\/p>\n<p><strong>Fonte: Contraf-CUT<\/strong><\/p>\n","protected":false},"excerpt":{"rendered":"<p>Em reuni\u00e3o, realizada nesta quarta-feira (28) com a Federa\u00e7\u00e3o Nacional dos Bancos (Fenaban), o Coletivo Nacional dos Banc\u00e1rios pediu esclarecimentos sobre os problemas na interpreta\u00e7\u00e3o de cl\u00e1usula da CCT que trata de complementa\u00e7\u00e3o salarial aos banc\u00e1rios afastados por doen\u00e7a. Tamb\u00e9m foram cobradas dos bancos explica\u00e7\u00f5es sobre a demiss\u00e3o de trabalhadores doentes e a retomada de [&hellip;]<\/p>\n","protected":false},"author":2,"featured_media":9894,"comment_status":"","ping_status":"","sticky":false,"template":"","format":"standard","meta":{"footnotes":""},"categories":[3],"tags":[],"class_list":["post-9895","post","type-post","status-publish","format-standard","has-post-thumbnail","hentry","category-noticias"],"_links":{"self":[{"href":"https:\/\/hostnetart.com.br\/baixada\/wp-json\/wp\/v2\/posts\/9895","targetHints":{"allow":["GET"]}}],"collection":[{"href":"https:\/\/hostnetart.com.br\/baixada\/wp-json\/wp\/v2\/posts"}],"about":[{"href":"https:\/\/hostnetart.com.br\/baixada\/wp-json\/wp\/v2\/types\/post"}],"author":[{"embeddable":true,"href":"https:\/\/hostnetart.com.br\/baixada\/wp-json\/wp\/v2\/users\/2"}],"replies":[{"embeddable":true,"href":"https:\/\/hostnetart.com.br\/baixada\/wp-json\/wp\/v2\/comments?post=9895"}],"version-history":[{"count":0,"href":"https:\/\/hostnetart.com.br\/baixada\/wp-json\/wp\/v2\/posts\/9895\/revisions"}],"wp:featuredmedia":[{"embeddable":true,"href":"https:\/\/hostnetart.com.br\/baixada\/wp-json\/wp\/v2\/media\/9894"}],"wp:attachment":[{"href":"https:\/\/hostnetart.com.br\/baixada\/wp-json\/wp\/v2\/media?parent=9895"}],"wp:term":[{"taxonomy":"category","embeddable":true,"href":"https:\/\/hostnetart.com.br\/baixada\/wp-json\/wp\/v2\/categories?post=9895"},{"taxonomy":"post_tag","embeddable":true,"href":"https:\/\/hostnetart.com.br\/baixada\/wp-json\/wp\/v2\/tags?post=9895"}],"curies":[{"name":"wp","href":"https:\/\/api.w.org\/{rel}","templated":true}]}}