{"id":9891,"date":"2020-10-29T16:09:35","date_gmt":"2020-10-29T19:09:35","guid":{"rendered":"https:\/\/hostnetart.com.br\/baixada\/falta-de-informacao-cria-clima-de-terror-nas-agencias-do-itau\/"},"modified":"2020-10-29T16:09:35","modified_gmt":"2020-10-29T19:09:35","slug":"falta-de-informacao-cria-clima-de-terror-nas-agencias-do-itau","status":"publish","type":"post","link":"https:\/\/hostnetart.com.br\/baixada\/falta-de-informacao-cria-clima-de-terror-nas-agencias-do-itau\/","title":{"rendered":"Falta de informa\u00e7\u00e3o cria clima de terror nas ag\u00eancias do Ita\u00fa"},"content":{"rendered":"<p>A Comiss\u00e3o de Organiza\u00e7\u00e3o dos Empregados (COE) do Ita\u00fa se reuniu nesta quarta-feira (28) com representantes do banco e cobrou informa\u00e7\u00f5es sobre os boatos de demiss\u00f5es que criam um clima de terror nas ag\u00eancias. A COE reivindicou que o banco divulgue comunicado para esclarecer que n\u00e3o haver\u00e1 reestrutura\u00e7\u00e3o, pelo menos neste ano, conforme dito pelos representantes do Ita\u00fa na reuni\u00e3o.<\/p>\n<p>\u201cCobramos que o banco solte um comunicado definindo sobre o piloto que eles pretendem fazer. A falta de informa\u00e7\u00e3o est\u00e1 provocando inseguran\u00e7a nos funcion\u00e1rios. O banco precisa esclarecer sobre o que quer com esse novo modelo, no que se refere a cargos\u201d, disse Jair Alves, coordenador da COE do Ita\u00fa. Na reuni\u00e3o, o representante do banco informou que este ano n\u00e3o haver\u00e1 nenhuma restrutura\u00e7\u00e3o e extin\u00e7\u00e3o de cargos e que a partir do ano que vem \u00e9 que ser\u00e1 aplicado um modelo piloto em algumas ag\u00eancias. O detalhamento das mudan\u00e7as ser\u00e1 apresentado em uma nova reuni\u00e3o com a COE, em 10 de novembro.<\/p>\n<p><strong>Sem informa\u00e7\u00e3o<\/strong><\/p>\n<p>A falta de informa\u00e7\u00e3o por parte do banco foi uma cr\u00edtica comum feita pelos membros da COE. O representante do banco admitiu que existem problemas de comunica\u00e7\u00e3o.<\/p>\n<p>Al\u00e9m de um comunicado sobre a n\u00e3o realiza\u00e7\u00e3o de reestrutura\u00e7\u00e3o, o banco deve esclarecer aos trabalhadores e \u00e0 COE o projeto piloto que disseram estar em andamento. Tamb\u00e9m foi cobrado que o Ita\u00fa emita outro comunicado sobre as metas de consignado, que est\u00e3o comprometidas diante dos atrasos das libera\u00e7\u00f5es. O representante do banco informou que os atrasos s\u00e3o da DataPrev, \u00f3rg\u00e3o do governo federal. A COE cobrou, ent\u00e3o, que os funcion\u00e1rios n\u00e3o sejam prejudicados pelos atrasos e que as dificuldades nas libera\u00e7\u00f5es sejam explicadas oficialmente pelo banco.<\/p>\n<p><strong>Hor\u00e1rio de atendimento<\/strong><\/p>\n<p>Outra informa\u00e7\u00e3o passada pelo representante do banco \u00e9 de que, por causa de a\u00e7\u00f5es do Minist\u00e9rio P\u00fablico, as ag\u00eancias que fazem atendimento at\u00e9 14h v\u00e3o estender o hor\u00e1rio at\u00e9 15h. A COE tamb\u00e9m cobrou que a vacina contra o novo coronav\u00edrus a ser disponibilizada seja garantida pelo banco para todos os funcion\u00e1rios e seus dependentes. O representante do banco disse que a reivindica\u00e7\u00e3o da vacina ser\u00e1 analisada. Tamb\u00e9m foi cobrada a retomada do debate sobre plano sa\u00fade, incluindo os aposentados.<\/p>\n<p>Tamb\u00e9m foi levantado pela COE o problema das demiss\u00f5es. \u201cQueremos a retomada da Central de Realoca\u00e7\u00f5es, que deu certo e conseguimos manter mais de 8 mil empregos com essa central\u201d, declarou Jair Alves. Outro ponto colocado pelos membros da COE foi que o Ita\u00fa retome as homologa\u00e7\u00f5es com os sindicatos.<\/p>\n<p>A COE tamb\u00e9m aguarda uma resposta sobre a proposta de renova\u00e7\u00e3o do Programa Complementar de Resultados (PCR) para a reuni\u00e3o de 10 de novembro. A expectativa da COE \u00e9 que a renova\u00e7\u00e3o do PCR aconte\u00e7a antes do final do ano.<\/p>\n<p><strong>Fonte: Contraf-CUT<\/strong><\/p>\n","protected":false},"excerpt":{"rendered":"<p>A Comiss\u00e3o de Organiza\u00e7\u00e3o dos Empregados (COE) do Ita\u00fa se reuniu nesta quarta-feira (28) com representantes do banco e cobrou informa\u00e7\u00f5es sobre os boatos de demiss\u00f5es que criam um clima de terror nas ag\u00eancias. A COE reivindicou que o banco divulgue comunicado para esclarecer que n\u00e3o haver\u00e1 reestrutura\u00e7\u00e3o, pelo menos neste ano, conforme dito pelos [&hellip;]<\/p>\n","protected":false},"author":2,"featured_media":9890,"comment_status":"","ping_status":"","sticky":false,"template":"","format":"standard","meta":{"footnotes":""},"categories":[3],"tags":[],"class_list":["post-9891","post","type-post","status-publish","format-standard","has-post-thumbnail","hentry","category-noticias"],"_links":{"self":[{"href":"https:\/\/hostnetart.com.br\/baixada\/wp-json\/wp\/v2\/posts\/9891","targetHints":{"allow":["GET"]}}],"collection":[{"href":"https:\/\/hostnetart.com.br\/baixada\/wp-json\/wp\/v2\/posts"}],"about":[{"href":"https:\/\/hostnetart.com.br\/baixada\/wp-json\/wp\/v2\/types\/post"}],"author":[{"embeddable":true,"href":"https:\/\/hostnetart.com.br\/baixada\/wp-json\/wp\/v2\/users\/2"}],"replies":[{"embeddable":true,"href":"https:\/\/hostnetart.com.br\/baixada\/wp-json\/wp\/v2\/comments?post=9891"}],"version-history":[{"count":0,"href":"https:\/\/hostnetart.com.br\/baixada\/wp-json\/wp\/v2\/posts\/9891\/revisions"}],"wp:featuredmedia":[{"embeddable":true,"href":"https:\/\/hostnetart.com.br\/baixada\/wp-json\/wp\/v2\/media\/9890"}],"wp:attachment":[{"href":"https:\/\/hostnetart.com.br\/baixada\/wp-json\/wp\/v2\/media?parent=9891"}],"wp:term":[{"taxonomy":"category","embeddable":true,"href":"https:\/\/hostnetart.com.br\/baixada\/wp-json\/wp\/v2\/categories?post=9891"},{"taxonomy":"post_tag","embeddable":true,"href":"https:\/\/hostnetart.com.br\/baixada\/wp-json\/wp\/v2\/tags?post=9891"}],"curies":[{"name":"wp","href":"https:\/\/api.w.org\/{rel}","templated":true}]}}