{"id":9885,"date":"2020-10-28T18:40:50","date_gmt":"2020-10-28T21:40:50","guid":{"rendered":"https:\/\/hostnetart.com.br\/baixada\/mulheres-sao-as-mais-atingidas-pela-crise-no-mercado-de-trabalho-durante-a-pandemia\/"},"modified":"2020-10-28T18:40:50","modified_gmt":"2020-10-28T21:40:50","slug":"mulheres-sao-as-mais-atingidas-pela-crise-no-mercado-de-trabalho-durante-a-pandemia","status":"publish","type":"post","link":"https:\/\/hostnetart.com.br\/baixada\/mulheres-sao-as-mais-atingidas-pela-crise-no-mercado-de-trabalho-durante-a-pandemia\/","title":{"rendered":"Mulheres s\u00e3o as mais atingidas pela crise no mercado de trabalho durante a pandemia"},"content":{"rendered":"<p>As mulheres s\u00e3o as mais atingidas pela crise no mercado de trabalho durante a pandemia do novo coronav\u00edrus. A participa\u00e7\u00e3o da mulher no mercado de trabalho no pa\u00eds caiu ao menor em 30 anos. No segundo trimestre deste ano, segundo dados do\u00a0<a href=\"https:\/\/ibge.gov.br\/\" target=\"_blank\" rel=\"noopener noreferrer\">IBGE<\/a>, as mulheres representaram 46,3% da for\u00e7a de trabalho. O \u00edndice considera as mulheres que trabalham e procuram emprego. \u00c9 o menor n\u00famero desde 1990, quando o \u00edndice foi de 44,2%. De acordo com a instituto, a perda na participa\u00e7\u00e3o evidencia que as mulheres s\u00e3o as mais atingidas pela crise econ\u00f4mica agravada pela covid-19.<\/p>\n<p>Desde 1991, o \u00edndice n\u00e3o ca\u00eda abaixo de 50%. O que para especialistas consultados pelo rep\u00f3rter J\u00f4 Miyagui, do<em>\u00a0Seu Jornal<\/em>, da\u00a0<strong>TVT,\u00a0<\/strong>est\u00e1 al\u00e9m das circunst\u00e2ncias causadas pela pandemia, por mostrar \u201ca cara de um pa\u00eds que historicamente tem\u00a0<a href=\"https:\/\/www.redebrasilatual.com.br\/tag\/desemprego\/\" target=\"_blank\" rel=\"noopener noreferrer\">altas taxas de desemprego entre as mulheres<\/a>. Dados do IBGE de 2019, recortados por g\u00eanero e ra\u00e7a, j\u00e1 indicavam que as mulheres, sobretudo as negras, formavam\u00a0<a href=\"https:\/\/www.redebrasilatual.com.br\/economia\/2019\/11\/desemprego-negros-mulheres\/\" target=\"_blank\" rel=\"noopener noreferrer\">13,9% do \u00edndice de desemprego<\/a>, acima da m\u00e9dia nacional de 11,8%.<\/p>\n<h2><span style=\"text-decoration: underline;\">Taxa deve aumentar<\/span><\/h2>\n<p>E com a redu\u00e7\u00e3o do\u00a0<a href=\"https:\/\/www.redebrasilatual.com.br\/politica\/2020\/10\/camara-oposicao-centrais-querem-mp-auxilio-emergencial\/\" target=\"_blank\" rel=\"noopener noreferrer\">aux\u00edlio emergencial de R$ 600 para R$ 300<\/a>\u00a0e a previs\u00e3o de encerramento do benef\u00edcio, programado para at\u00e9 dezembro, o desemprego deve aumentar ainda mais porque as pessoas sair\u00e3o \u00e0 procura de trabalho. \u201cA taxa de desemprego no Brasil ela come\u00e7a a pressionar o mercado agora em setembro\u201d, observa a economista Marilane Teixeira. \u201cAs pessoas que estavam sem trabalho, que perderam a ocupa\u00e7\u00e3o durante a pandemia, v\u00e3o \u00e0s ruas buscar trabalho. E a\u00ed a taxa de desemprego come\u00e7a a refletir nessa condi\u00e7\u00e3o nova\u201d.\u00a0<\/p>\n<p>Esse \u00e9 o caso da advogada Michele Morais que\u00a0<a href=\"https:\/\/www.redebrasilatual.com.br\/economia\/2020\/07\/pandemia-crise-comercio-salarios-reduzidos\/\" target=\"_blank\" rel=\"noopener noreferrer\">perdeu o emprego<\/a>\u00a0no escrit\u00f3rio em que atuava. H\u00e1 seis meses desempregada, ela procura uma recoloca\u00e7\u00e3o, mas tem dificuldades de encontr\u00e1-la tamb\u00e9m porque o filho, de tr\u00eas anos, est\u00e1 fora da escola.\u00a0<\/p>\n<div class=\"afw afw-ga afw_ad afwadid-451155  \" data-ad-id=\"451155\">\n<div><span style=\"text-decoration: underline;\">Advertisement<\/span><\/div>\n<\/div>\n<p>\u201cHoje o meu per\u00edodo \u00e9<em>\u00a0full-time<\/em>\u00a0para ele, porque eu n\u00e3o tenho com quem deix\u00e1-lo. Eu at\u00e9 estou no mercado de trabalho, procurando alguma coisa para fazer, mas ainda est\u00e1 dif\u00edcil. A semana passada fui numa entrevista de emprego e a primeira pergunta que me fizeram foi \u2018voc\u00ea tem com quem deixar seu filho?\u2019. Como eu estou precisando muito, eu falei que nessa situa\u00e7\u00e3o, se for para trabalhar presencial, eu deixaria com a minha m\u00e3e, porque as escolas est\u00e3o fechadas. E \u00e9 claro que eu n\u00e3o tive retorno ainda\u201d, lamenta Michele.\u00a0<\/p>\n<p><strong>Fonte: Rede Brasil Atual<\/strong><\/p>\n","protected":false},"excerpt":{"rendered":"<p>As mulheres s\u00e3o as mais atingidas pela crise no mercado de trabalho durante a pandemia do novo coronav\u00edrus. A participa\u00e7\u00e3o da mulher no mercado de trabalho no pa\u00eds caiu ao menor em 30 anos. No segundo trimestre deste ano, segundo dados do\u00a0IBGE, as mulheres representaram 46,3% da for\u00e7a de trabalho. O \u00edndice considera as mulheres [&hellip;]<\/p>\n","protected":false},"author":2,"featured_media":9884,"comment_status":"","ping_status":"","sticky":false,"template":"","format":"standard","meta":{"footnotes":""},"categories":[3],"tags":[],"class_list":["post-9885","post","type-post","status-publish","format-standard","has-post-thumbnail","hentry","category-noticias"],"_links":{"self":[{"href":"https:\/\/hostnetart.com.br\/baixada\/wp-json\/wp\/v2\/posts\/9885","targetHints":{"allow":["GET"]}}],"collection":[{"href":"https:\/\/hostnetart.com.br\/baixada\/wp-json\/wp\/v2\/posts"}],"about":[{"href":"https:\/\/hostnetart.com.br\/baixada\/wp-json\/wp\/v2\/types\/post"}],"author":[{"embeddable":true,"href":"https:\/\/hostnetart.com.br\/baixada\/wp-json\/wp\/v2\/users\/2"}],"replies":[{"embeddable":true,"href":"https:\/\/hostnetart.com.br\/baixada\/wp-json\/wp\/v2\/comments?post=9885"}],"version-history":[{"count":0,"href":"https:\/\/hostnetart.com.br\/baixada\/wp-json\/wp\/v2\/posts\/9885\/revisions"}],"wp:featuredmedia":[{"embeddable":true,"href":"https:\/\/hostnetart.com.br\/baixada\/wp-json\/wp\/v2\/media\/9884"}],"wp:attachment":[{"href":"https:\/\/hostnetart.com.br\/baixada\/wp-json\/wp\/v2\/media?parent=9885"}],"wp:term":[{"taxonomy":"category","embeddable":true,"href":"https:\/\/hostnetart.com.br\/baixada\/wp-json\/wp\/v2\/categories?post=9885"},{"taxonomy":"post_tag","embeddable":true,"href":"https:\/\/hostnetart.com.br\/baixada\/wp-json\/wp\/v2\/tags?post=9885"}],"curies":[{"name":"wp","href":"https:\/\/api.w.org\/{rel}","templated":true}]}}