{"id":9881,"date":"2020-10-28T18:39:40","date_gmt":"2020-10-28T21:39:40","guid":{"rendered":"https:\/\/hostnetart.com.br\/baixada\/hoje-tem-negociacao-sobre-saude-dos-bancarios\/"},"modified":"2020-10-28T18:39:40","modified_gmt":"2020-10-28T21:39:40","slug":"hoje-tem-negociacao-sobre-saude-dos-bancarios","status":"publish","type":"post","link":"https:\/\/hostnetart.com.br\/baixada\/hoje-tem-negociacao-sobre-saude-dos-bancarios\/","title":{"rendered":"Hoje tem negocia\u00e7\u00e3o sobre sa\u00fade dos banc\u00e1rios"},"content":{"rendered":"<p>O Comando Nacional dos Banc\u00e1rios se re\u00fane nesta quarta-feira (28) com os representantes da Federa\u00e7\u00e3o Nacional dos Bancos (Fenaban) para negociar quest\u00f5es referentes \u00e0 sa\u00fade da categoria.<\/p>\n<p>O Coletivo Nacional de Sa\u00fade do Trabalhador se reuniu nesta manh\u00e3 para debater sobre os pontos que ser\u00e3o tratados na mesa de negocia\u00e7\u00f5es com os bancos.<\/p>\n<p>Acompanhe nosso site e redes sociais para mais informa\u00e7\u00f5es durante o dia.<\/p>\n<p><strong>Fonte: Contraf-CUT<\/strong><\/p>\n","protected":false},"excerpt":{"rendered":"<p>O Comando Nacional dos Banc\u00e1rios se re\u00fane nesta quarta-feira (28) com os representantes da Federa\u00e7\u00e3o Nacional dos Bancos (Fenaban) para negociar quest\u00f5es referentes \u00e0 sa\u00fade da categoria. O Coletivo Nacional de Sa\u00fade do Trabalhador se reuniu nesta manh\u00e3 para debater sobre os pontos que ser\u00e3o tratados na mesa de negocia\u00e7\u00f5es com os bancos. Acompanhe nosso [&hellip;]<\/p>\n","protected":false},"author":2,"featured_media":9880,"comment_status":"","ping_status":"","sticky":false,"template":"","format":"standard","meta":{"footnotes":""},"categories":[3],"tags":[],"class_list":["post-9881","post","type-post","status-publish","format-standard","has-post-thumbnail","hentry","category-noticias"],"_links":{"self":[{"href":"https:\/\/hostnetart.com.br\/baixada\/wp-json\/wp\/v2\/posts\/9881","targetHints":{"allow":["GET"]}}],"collection":[{"href":"https:\/\/hostnetart.com.br\/baixada\/wp-json\/wp\/v2\/posts"}],"about":[{"href":"https:\/\/hostnetart.com.br\/baixada\/wp-json\/wp\/v2\/types\/post"}],"author":[{"embeddable":true,"href":"https:\/\/hostnetart.com.br\/baixada\/wp-json\/wp\/v2\/users\/2"}],"replies":[{"embeddable":true,"href":"https:\/\/hostnetart.com.br\/baixada\/wp-json\/wp\/v2\/comments?post=9881"}],"version-history":[{"count":0,"href":"https:\/\/hostnetart.com.br\/baixada\/wp-json\/wp\/v2\/posts\/9881\/revisions"}],"wp:featuredmedia":[{"embeddable":true,"href":"https:\/\/hostnetart.com.br\/baixada\/wp-json\/wp\/v2\/media\/9880"}],"wp:attachment":[{"href":"https:\/\/hostnetart.com.br\/baixada\/wp-json\/wp\/v2\/media?parent=9881"}],"wp:term":[{"taxonomy":"category","embeddable":true,"href":"https:\/\/hostnetart.com.br\/baixada\/wp-json\/wp\/v2\/categories?post=9881"},{"taxonomy":"post_tag","embeddable":true,"href":"https:\/\/hostnetart.com.br\/baixada\/wp-json\/wp\/v2\/tags?post=9881"}],"curies":[{"name":"wp","href":"https:\/\/api.w.org\/{rel}","templated":true}]}}