{"id":9879,"date":"2020-10-28T18:38:27","date_gmt":"2020-10-28T21:38:27","guid":{"rendered":"https:\/\/hostnetart.com.br\/baixada\/novembro-tem-campanha-de-combate-a-violencia-contra-a-mulher\/"},"modified":"2020-10-28T18:38:27","modified_gmt":"2020-10-28T21:38:27","slug":"novembro-tem-campanha-de-combate-a-violencia-contra-a-mulher","status":"publish","type":"post","link":"https:\/\/hostnetart.com.br\/baixada\/novembro-tem-campanha-de-combate-a-violencia-contra-a-mulher\/","title":{"rendered":"Novembro tem campanha de combate \u00e0 viol\u00eancia contra a mulher"},"content":{"rendered":"<p>Dia 25 de novembro \u00e9 o Dia Internacional de Combate \u00e0 Viol\u00eancia Contra a Mulher, data reafirmada por movimentos de mulheres, organiza\u00e7\u00f5es populares e sindicais. Entre os organizadores est\u00e1 a Confedera\u00e7\u00e3o Nacional dos Trabalhadores do Ramo Financeiro (Contraf-CUT). A secret\u00e1ria de Mulheres da Contraf-CUT, Elaine Cutis, fala sobre a data e tamb\u00e9m sobre a preven\u00e7\u00e3o do c\u00e2ncer de mama.<\/p>\n<p>\u201cVamos desenvolver atividades em novembro, culminando no dia 25, com o Dia Internacional de Combate \u00e0 Viol\u00eancia Contra a Mulher. O ramo banc\u00e1rio tem iniciativas importantes a serem socializadas. Uma conquista importante da categoria \u00e9 o canal de atendimento \u00e0s v\u00edtimas de viol\u00eancia, conquistado nas negocia\u00e7\u00f5es de mar\u00e7o com os bancos e esse servi\u00e7o foi incorporado ao acordo firmado em setembro, na campanha nacional da categoria\u201d, disse Elaine Cutis, que nas pr\u00f3ximas semanas falar\u00e1 sobre os desdobramentos do combate \u00e0 viol\u00eancia contra a mulher.<\/p>\n<p><strong>Hist\u00f3ria do 25 de novembro<\/strong><\/p>\n<p>Em 25 de novembro de 1960, tr\u00eas irm\u00e3s, P\u00e1tria, Minerva e Maria Teresa Mirabal foram assassinadas na Rep\u00fablica Dominicana, por for\u00e7as militares do ent\u00e3o ditador Rafael Le\u00f3nidas Trujillo. As tr\u00eas eram militantes contra a ditadura dominicana. Em 1981 celebrou-se, em Bogot\u00e1, Col\u00f4mbia, o Primeiro Encontro Feminista Latino-americano e do Caribe, onde se decidiu marcar o 25 de novembro como o Dia Internacional da n\u00e3o Viol\u00eancia contra as Mulheres, em mem\u00f3ria das irm\u00e3s Mirabal. Em 1999, a Assembleia Geral das Na\u00e7\u00f5es Unidas designou o 25 de novembro como o Dia Internacional da Elimina\u00e7\u00e3o da Viol\u00eancia contra a Mulher.<\/p>\n<p><strong>Outubro Rosa<\/strong><\/p>\n<p>Elaine Cutis tamb\u00e9m falou sobre o a campanha do Outubro Rosa. A secret\u00e1ria de Mulheres da Contraf-CUT ressaltou que o c\u00e2ncer de mama tem cura, mas \u00e9 o que mais mata mulheres no mundo. \u201cQuanto mais cedo se detecta a doen\u00e7a, maiores s\u00e3o as chances de se fazer cirurgias menores, menos mutiladoras, com o uso de menos medicamentos. Consequentemente, s\u00e3o maiores as chances de se combater a doen\u00e7a. Caso seja detectado previamente, o c\u00e2ncer tem mais de 95% de chances de cura\u201d, afirmou.<\/p>\n<p>A secret\u00e1ria de Mulheres da Contraf-CUT destacou ainda que, a partir dos 40 anos, as mulheres devem procurar fazer exames preventivos, mas as de baixa renda t\u00eam muitas dificuldades para faz\u00ea-los. \u201cMuitas vezes a mamografia \u00e9 feita com mam\u00f3grafos antigos que podem dar um falso negativo\u201d, lembrou Elaine Cutis.<\/p>\n<p>Mulheres que contra\u00edram a doen\u00e7a e tiveram que retirar a mama t\u00eam direito \u00e0 cirurgia gratuita de repara\u00e7\u00e3o pelo Sistema \u00danico de Sa\u00fade (SUS). \u201cEssa informa\u00e7\u00e3o de que o SUS cobre a cirurgia de repara\u00e7\u00e3o \u00e9 muito importante. A extra\u00e7\u00e3o das mamas mexe com a autoestima, ent\u00e3o \u00e9 importante essa orienta\u00e7\u00e3o de que as mulheres t\u00eam esse direito garantido pelo SUS\u201d.<\/p>\n<p><span style=\"text-decoration: underline;\"><strong>Fonte: Contraf-CUT<\/strong><\/span><\/p>\n","protected":false},"excerpt":{"rendered":"<p>Dia 25 de novembro \u00e9 o Dia Internacional de Combate \u00e0 Viol\u00eancia Contra a Mulher, data reafirmada por movimentos de mulheres, organiza\u00e7\u00f5es populares e sindicais. Entre os organizadores est\u00e1 a Confedera\u00e7\u00e3o Nacional dos Trabalhadores do Ramo Financeiro (Contraf-CUT). A secret\u00e1ria de Mulheres da Contraf-CUT, Elaine Cutis, fala sobre a data e tamb\u00e9m sobre a preven\u00e7\u00e3o [&hellip;]<\/p>\n","protected":false},"author":2,"featured_media":9878,"comment_status":"","ping_status":"","sticky":false,"template":"","format":"standard","meta":{"footnotes":""},"categories":[3],"tags":[],"class_list":["post-9879","post","type-post","status-publish","format-standard","has-post-thumbnail","hentry","category-noticias"],"_links":{"self":[{"href":"https:\/\/hostnetart.com.br\/baixada\/wp-json\/wp\/v2\/posts\/9879","targetHints":{"allow":["GET"]}}],"collection":[{"href":"https:\/\/hostnetart.com.br\/baixada\/wp-json\/wp\/v2\/posts"}],"about":[{"href":"https:\/\/hostnetart.com.br\/baixada\/wp-json\/wp\/v2\/types\/post"}],"author":[{"embeddable":true,"href":"https:\/\/hostnetart.com.br\/baixada\/wp-json\/wp\/v2\/users\/2"}],"replies":[{"embeddable":true,"href":"https:\/\/hostnetart.com.br\/baixada\/wp-json\/wp\/v2\/comments?post=9879"}],"version-history":[{"count":0,"href":"https:\/\/hostnetart.com.br\/baixada\/wp-json\/wp\/v2\/posts\/9879\/revisions"}],"wp:featuredmedia":[{"embeddable":true,"href":"https:\/\/hostnetart.com.br\/baixada\/wp-json\/wp\/v2\/media\/9878"}],"wp:attachment":[{"href":"https:\/\/hostnetart.com.br\/baixada\/wp-json\/wp\/v2\/media?parent=9879"}],"wp:term":[{"taxonomy":"category","embeddable":true,"href":"https:\/\/hostnetart.com.br\/baixada\/wp-json\/wp\/v2\/categories?post=9879"},{"taxonomy":"post_tag","embeddable":true,"href":"https:\/\/hostnetart.com.br\/baixada\/wp-json\/wp\/v2\/tags?post=9879"}],"curies":[{"name":"wp","href":"https:\/\/api.w.org\/{rel}","templated":true}]}}