{"id":9877,"date":"2020-10-28T03:57:20","date_gmt":"2020-10-28T06:57:20","guid":{"rendered":"https:\/\/hostnetart.com.br\/baixada\/fetraf-rj-es-veicula-comercial-na-band-que-denuncia-demissoes-dos-grandes-bancos-brasileiros\/"},"modified":"2020-10-28T03:57:20","modified_gmt":"2020-10-28T06:57:20","slug":"fetraf-rj-es-veicula-comercial-na-band-que-denuncia-demissoes-dos-grandes-bancos-brasileiros","status":"publish","type":"post","link":"https:\/\/hostnetart.com.br\/baixada\/fetraf-rj-es-veicula-comercial-na-band-que-denuncia-demissoes-dos-grandes-bancos-brasileiros\/","title":{"rendered":"Fetraf RJ\/ES veicula comercial na Band que denuncia demiss\u00f5es dos grandes bancos brasileiros"},"content":{"rendered":"<p>A Federa\u00e7\u00e3o dos Trabalhadores do Ramo Financeiro dos Estados do Rio de Janeiro e Esp\u00edrito Santo (que tem em sua base os Sindicatos dos Banc\u00e1rios de Angra dos Reis, Baixada Fluminense, Campos dos Goytacazes, Esp\u00edrito Santo, Itaperuna, Maca\u00e9, Niter\u00f3i, Nova Friburgo, Petr\u00f3polis, Rio de Janeiro, Sul Fluminense, Teres\u00f3polis e Tr\u00eas Rios), em parceria com a Confedera\u00e7\u00e3o Nacional dos Trabalhadores do Ramo Financeiro (Contraf-CUT), est\u00e1 veiculando na TV Bandeirantes, comerciais que denunciam, protestam e alertam a popula\u00e7\u00e3o em geral, sobre as demiss\u00f5es que os grandes bancos privados brasileiros vem praticando.<\/p>\n<p>Os comerciais, que abranger\u00e3o um mercado com mais de 4 milh\u00f5es de consumidores, ser\u00e3o veiculados do dia 28\/10 (quarta-feira) at\u00e9 o dia 31\/10 (s\u00e1bado). Eles tem como objetivo, tamb\u00e9m, pressionar o setor banc\u00e1rio, que foi um dos \u00fanicos que lucraram na pandemia, a n\u00e3o demitir e desistirem das demiss\u00f5es e desligamentos que ocorreram.<\/p>\n<p>Confira nosso v\u00eddeo no YouTube (<a href=\"https:\/\/youtu.be\/IkDmd95ZwbU\" target=\"_blank\" rel=\"noopener noreferrer\" data-saferedirecturl=\"https:\/\/www.google.com\/url?q=https:\/\/youtu.be\/IkDmd95ZwbU&amp;source=gmail&amp;ust=1603909653139000&amp;usg=AFQjCNG4Otcvl0GsU31DJbGK8KU-Cwyi1A\">https:\/\/youtu.be\/IkDmd95ZwbU)<\/a>\u00a0e marquem a @fetrafrjes no instagram, no twitter e no facebook!<\/p>\n<p>S\u00d3 A LUTA NOS GARANTE!<\/p>\n<p><strong>Confira os hor\u00e1rios em que os comerciais ser\u00e3o veiculados:<\/strong><\/p>\n<p><em>BORA BRASIL<\/em>\u00a0\u2013 8h \u00e0s 9h (dias 28\/29\/30 de outubro)<\/p>\n<p><em>THE CHEF COM EDU GUEDES<\/em>\u00a0\u2013 9h \u00e0s 11h (dias 28\/29\/30 de outubro)<\/p>\n<p><em>JOGO ABERTO<\/em>\u00a0\u2013 11h \u00e0s 12:30h (dias 28\/29\/30 de outubro)<\/p>\n<p><em>TA\u00cd PARA TODOS<\/em>\u00a0 \u2013 13:30h \u00e0s 14h (dias 28\/29\/30 de outubro)<\/p>\n<p><em>BRASIL URGENTE<\/em>\u00a0\u2013\u00a0 16h \u00e0s 18:50h (dias 28\/29\/30\/31 de outubro)<\/p>\n<p><em>JORNAL DO RIO<\/em>\u00a0\u2013 18:50h \u00e0s 19:20h (dias 28\/31 de outubro)<\/p>\n<p><em>JORNAL DA BAND<\/em>\u00a0\u2013 19h \u00e0s 20:25h (dias 28\/29\/30 de outubro)<\/p>\n<p><em>BAND NOT\u00cdCIAS<\/em>\u00a0\u2013 22h \u00e0s 22:45h (dias 29\/30 de outubro)<\/p>\n<p>\u00a0<\/p>\n<p><strong><span style=\"text-decoration: underline;\">Fonte: Fetraf RJ\/RJ<\/span><\/strong><\/p>\n","protected":false},"excerpt":{"rendered":"<p>A Federa\u00e7\u00e3o dos Trabalhadores do Ramo Financeiro dos Estados do Rio de Janeiro e Esp\u00edrito Santo (que tem em sua base os Sindicatos dos Banc\u00e1rios de Angra dos Reis, Baixada Fluminense, Campos dos Goytacazes, Esp\u00edrito Santo, Itaperuna, Maca\u00e9, Niter\u00f3i, Nova Friburgo, Petr\u00f3polis, Rio de Janeiro, Sul Fluminense, Teres\u00f3polis e Tr\u00eas Rios), em parceria com a [&hellip;]<\/p>\n","protected":false},"author":2,"featured_media":9876,"comment_status":"","ping_status":"","sticky":false,"template":"","format":"standard","meta":{"footnotes":""},"categories":[3],"tags":[],"class_list":["post-9877","post","type-post","status-publish","format-standard","has-post-thumbnail","hentry","category-noticias"],"_links":{"self":[{"href":"https:\/\/hostnetart.com.br\/baixada\/wp-json\/wp\/v2\/posts\/9877","targetHints":{"allow":["GET"]}}],"collection":[{"href":"https:\/\/hostnetart.com.br\/baixada\/wp-json\/wp\/v2\/posts"}],"about":[{"href":"https:\/\/hostnetart.com.br\/baixada\/wp-json\/wp\/v2\/types\/post"}],"author":[{"embeddable":true,"href":"https:\/\/hostnetart.com.br\/baixada\/wp-json\/wp\/v2\/users\/2"}],"replies":[{"embeddable":true,"href":"https:\/\/hostnetart.com.br\/baixada\/wp-json\/wp\/v2\/comments?post=9877"}],"version-history":[{"count":0,"href":"https:\/\/hostnetart.com.br\/baixada\/wp-json\/wp\/v2\/posts\/9877\/revisions"}],"wp:featuredmedia":[{"embeddable":true,"href":"https:\/\/hostnetart.com.br\/baixada\/wp-json\/wp\/v2\/media\/9876"}],"wp:attachment":[{"href":"https:\/\/hostnetart.com.br\/baixada\/wp-json\/wp\/v2\/media?parent=9877"}],"wp:term":[{"taxonomy":"category","embeddable":true,"href":"https:\/\/hostnetart.com.br\/baixada\/wp-json\/wp\/v2\/categories?post=9877"},{"taxonomy":"post_tag","embeddable":true,"href":"https:\/\/hostnetart.com.br\/baixada\/wp-json\/wp\/v2\/tags?post=9877"}],"curies":[{"name":"wp","href":"https:\/\/api.w.org\/{rel}","templated":true}]}}