{"id":9873,"date":"2020-10-28T03:54:17","date_gmt":"2020-10-28T06:54:17","guid":{"rendered":"https:\/\/hostnetart.com.br\/baixada\/banco-do-brasil-negocia-teletrabalho-com-a-coe\/"},"modified":"2020-10-28T03:54:17","modified_gmt":"2020-10-28T06:54:17","slug":"banco-do-brasil-negocia-teletrabalho-com-a-coe","status":"publish","type":"post","link":"https:\/\/hostnetart.com.br\/baixada\/banco-do-brasil-negocia-teletrabalho-com-a-coe\/","title":{"rendered":"Banco do Brasil negocia teletrabalho com a COE"},"content":{"rendered":"<p>A Comiss\u00e3o de Organiza\u00e7\u00e3o dos Empregados (COE) do Banco do Brasil se reuniu nesta ter\u00e7a-feira (27) com a dire\u00e7\u00e3o do banco para discutir um acordo sobre teletrabalho. A negocia\u00e7\u00e3o foi acompanhada pela Confedera\u00e7\u00e3o Nacional dos Trabalhadores dos Ramo Financeiro (Contraf-CUT).<\/p>\n<p>\u201cN\u00e3o estamos debatendo hoje. Come\u00e7amos o debate faz algum tempo, na campanha nacional. No in\u00edcio, os bancos avaliavam que o teletrabalho era um privil\u00e9gio. Mas os bancos economizaram muito com o teletrabalho e xs banc\u00e1rixs tiveram mais custos para trabalharem em casa. Para n\u00f3s, \u00e9 importante o controle da jornada, a ajuda de custo para cobrir as novas despesas, fornecimento de equipamentos e m\u00f3veis adequados\u201d, afirmou a presidenta da Contraf-CUT, Juvandia Moreira.<\/p>\n<p>As primeiras discuss\u00f5es foram feitas e a negocia\u00e7\u00e3o continua nos pr\u00f3ximos dias.\u00a0 \u201cPrecisamos lapidar ainda esse acordo. Apresentamos nossas premissas para o debate que foram definidas na nossa confer\u00eancia nacional. Para n\u00f3s \u00e9 fundamental o controle da jornada, o fornecimento de equipamentos e a ajuda de custo, al\u00e9m de outras quest\u00f5es que v\u00e3o ser discutidas com a dire\u00e7\u00e3o do banco nas pr\u00f3ximas reuni\u00f5es\u201d, disse coordenador da COE do Banco do Brasil, Jo\u00e3o Fukunaga.<\/p>\n<p><strong>Negocia\u00e7\u00f5es<\/strong><\/p>\n<p>Desde mar\u00e7o de 2020, boa parte dxs banc\u00e1rixs entraram em teletrabalho. Foram cerca de 2\/3 da categoria, aproximadamente 300 mil trabalhadores deslocados dos locais de trabalho para suas casas. As premissas para um acordo sobre teletrabalho foram definidas a partir de uma pesquisa feita pelo Departamento Intersindical de Estudos e Estat\u00edsticas Socioecon\u00f4micas (Dieese) Rede Banc\u00e1rios com 11 mil trabalhadores da categoria que passaram para o teletrabalho.<\/p>\n<p>A primeira negocia\u00e7\u00e3o com a Federa\u00e7\u00e3o Nacional dos Bancos Fenaban na renova\u00e7\u00e3o da Conven\u00e7\u00e3o Coletiva de Trabalho (CCT) foi sobre teletrabalho. A negocia\u00e7\u00e3o avan\u00e7ou ap\u00f3s a campanha nacional da categoria, banco a banco. O primeiro foi o Bradesco, que fechou um acordo sobre o tema. Agora as negocia\u00e7\u00f5es acontecem com o Banco do Brasil e o Ita\u00fa.<\/p>\n<p><span style=\"text-decoration: underline;\"><strong>Fonte: Contraf-CUT<\/strong><\/span><\/p>\n","protected":false},"excerpt":{"rendered":"<p>A Comiss\u00e3o de Organiza\u00e7\u00e3o dos Empregados (COE) do Banco do Brasil se reuniu nesta ter\u00e7a-feira (27) com a dire\u00e7\u00e3o do banco para discutir um acordo sobre teletrabalho. A negocia\u00e7\u00e3o foi acompanhada pela Confedera\u00e7\u00e3o Nacional dos Trabalhadores dos Ramo Financeiro (Contraf-CUT). \u201cN\u00e3o estamos debatendo hoje. Come\u00e7amos o debate faz algum tempo, na campanha nacional. No in\u00edcio, [&hellip;]<\/p>\n","protected":false},"author":2,"featured_media":9872,"comment_status":"","ping_status":"","sticky":false,"template":"","format":"standard","meta":{"footnotes":""},"categories":[3],"tags":[],"class_list":["post-9873","post","type-post","status-publish","format-standard","has-post-thumbnail","hentry","category-noticias"],"_links":{"self":[{"href":"https:\/\/hostnetart.com.br\/baixada\/wp-json\/wp\/v2\/posts\/9873","targetHints":{"allow":["GET"]}}],"collection":[{"href":"https:\/\/hostnetart.com.br\/baixada\/wp-json\/wp\/v2\/posts"}],"about":[{"href":"https:\/\/hostnetart.com.br\/baixada\/wp-json\/wp\/v2\/types\/post"}],"author":[{"embeddable":true,"href":"https:\/\/hostnetart.com.br\/baixada\/wp-json\/wp\/v2\/users\/2"}],"replies":[{"embeddable":true,"href":"https:\/\/hostnetart.com.br\/baixada\/wp-json\/wp\/v2\/comments?post=9873"}],"version-history":[{"count":0,"href":"https:\/\/hostnetart.com.br\/baixada\/wp-json\/wp\/v2\/posts\/9873\/revisions"}],"wp:featuredmedia":[{"embeddable":true,"href":"https:\/\/hostnetart.com.br\/baixada\/wp-json\/wp\/v2\/media\/9872"}],"wp:attachment":[{"href":"https:\/\/hostnetart.com.br\/baixada\/wp-json\/wp\/v2\/media?parent=9873"}],"wp:term":[{"taxonomy":"category","embeddable":true,"href":"https:\/\/hostnetart.com.br\/baixada\/wp-json\/wp\/v2\/categories?post=9873"},{"taxonomy":"post_tag","embeddable":true,"href":"https:\/\/hostnetart.com.br\/baixada\/wp-json\/wp\/v2\/tags?post=9873"}],"curies":[{"name":"wp","href":"https:\/\/api.w.org\/{rel}","templated":true}]}}