{"id":9861,"date":"2020-10-27T03:40:30","date_gmt":"2020-10-27T06:40:30","guid":{"rendered":"https:\/\/hostnetart.com.br\/baixada\/campanha-cobra-medidas-para-tributar-super-ricos\/"},"modified":"2020-10-27T03:40:30","modified_gmt":"2020-10-27T06:40:30","slug":"campanha-cobra-medidas-para-tributar-super-ricos","status":"publish","type":"post","link":"https:\/\/hostnetart.com.br\/baixada\/campanha-cobra-medidas-para-tributar-super-ricos\/","title":{"rendered":"Campanha cobra medidas para tributar super-ricos"},"content":{"rendered":"<p><a href=\"http:\/\/www.ijf.org.br\/participantes-da-campanha-tributar-os-super-ricos\" target=\"_blank\" rel=\"noopener noreferrer\">Dezenas de entidades<\/a>\u00a0lan\u00e7am no dia 29 de outubro, \u00e0s 10h, uma campanha nacional para sensibilizar a sociedade sobre a necessidade da implementa\u00e7\u00e3o de medidas tribut\u00e1rias emergenciais para enfrentar a grave crise aprofundada na pandemia e com potencial para solucionar problemas hist\u00f3ricos de justi\u00e7a fiscal no Brasil.<\/p>\n<p>\u201c<a href=\"http:\/\/www.ijf.org.br\/participantes-da-campanha-tributar-os-super-ricos\" target=\"_blank\" rel=\"noopener noreferrer\">Mais de 50 organiza\u00e7\u00f5es de todo o pa\u00eds<\/a>\u00a0j\u00e1 se integraram \u00e0 campanha e outras dezenas est\u00e3o sendo convidadas para fazer parte do movimento, que visa busca esclarecer as medidas e a necessidade de sua implementa\u00e7\u00e3o para fortalecer o Estado. S\u00e3o a\u00e7\u00f5es de curto e m\u00e9dio prazo que ajudam a enfrentar a pandemia, garantir renda para os mais pobres e a retomada da atividade econ\u00f4mica\u201d, explicou o secret\u00e1rio de Assuntos Socioecon\u00f4micos da Confedera\u00e7\u00e3o Nacional dos Trabalhadores do Ramo Financeiro (Contraf-CUT), Mario Raia.<\/p>\n<p>A presidenta da Contraf-CUT, Juvandia Moreira, disse que a entidade que preside integra a campanha porque as propostas t\u00eam capacidade para ampliar a justi\u00e7a fiscal Brasil. \u201cPropostas como a corre\u00e7\u00e3o das distor\u00e7\u00f5es do Imposto de Renda, como a revoga\u00e7\u00e3o da isen\u00e7\u00e3o sobre lucros e dividendos distribu\u00eddos aos acionistas das grandes empresas, o fim da dedu\u00e7\u00e3o de juros sobre o capital pr\u00f3prio, a eleva\u00e7\u00e3o do limite de isen\u00e7\u00e3o para baixas rendas, e a cria\u00e7\u00e3o de uma tabela de al\u00edquotas progressivas t\u00eam capacidade de reduzir os valores pagos pelos mais pobres e aumentar somente o que se cobra dos 0,3% mais ricos de nosso pa\u00eds\u201d, explicou.<\/p>\n<h3><strong>Cartilha<\/strong><\/h3>\n<div class=\"wp-block-image\">\n<figure class=\"alignright size-large is-resized\"><img fetchpriority=\"high\" decoding=\"async\" class=\"wp-image-284380\" src=\"https:\/\/contrafcut.com.br\/wp-content\/uploads\/2020\/10\/image-2.png\" sizes=\"(max-width: 560px) 100vw, 560px\" srcset=\"https:\/\/contrafcut.com.br\/wp-content\/uploads\/2020\/10\/image-2.png 950w, https:\/\/contrafcut.com.br\/wp-content\/uploads\/2020\/10\/image-2-230x230.png 230w, https:\/\/contrafcut.com.br\/wp-content\/uploads\/2020\/10\/image-2-768x768.png 768w\" alt=\"\" width=\"560\" height=\"560\" \/><\/figure>\n<\/div>\n<p>S\u00e3o oito propostas legislativas que podem promover um aumento de arrecada\u00e7\u00e3o de quase R$ 300 bilh\u00f5es, tributando apenas as altas rendas e grandes patrim\u00f4nios dos 0,3% mais ricos do Brasil. As propostas geram tamb\u00e9m a redu\u00e7\u00e3o de impostos para os mais pobres e para as pequenas empresas, al\u00e9m de melhorar a reparti\u00e7\u00e3o de recursos com os estados e munic\u00edpios.<\/p>\n<p>Uma\u00a0<a href=\"https:\/\/contrafcut.com.br\/cartilha-tributar-supericos-final-inter-logo-contraf\/\" target=\"_blank\" rel=\"noopener noreferrer\">cartilha ilustrada<\/a>\u00a0detalha as propostas e uma\u00a0<a href=\"http:\/\/www.ijf.org.br\/calculadora-irpf\" target=\"_blank\" rel=\"noopener noreferrer\">calculadora eletr\u00f4nica<\/a>\u00a0possibilita aos trabalhadores simular a redu\u00e7\u00e3o que ter\u00e1 no imposto de renda caso as medidas sejam implementadas. Tamb\u00e9m ser\u00e3o disponibilizados textos explicativos, os projetos de leis com as respectivas justificativas, v\u00eddeos e realizadas lives.<\/p>\n<h3><strong>Divulga\u00e7\u00e3o<\/strong><\/h3>\n<p>A a\u00e7\u00e3o prev\u00ea intensa divulga\u00e7\u00e3o dos materiais de campanha junto aos movimentos sociais, sindicatos, estudantes, agricultores, pequenos empres\u00e1rios e pol\u00edticos, com debates, entrevistas e reuni\u00f5es com parlamentares, governadores e prefeitos para incluir o tema na pauta do Congresso.<\/p>\n<p>A campanha ser\u00e1 intensificada nos pr\u00f3ximos tr\u00eas meses, por meio das m\u00eddias digitais como Facebook, Twitter e Instagram. As entidades promotoras j\u00e1 est\u00e3o realizando a\u00e7\u00f5es para assegurar o avan\u00e7o na ado\u00e7\u00e3o das propostas e populariza\u00e7\u00e3o das medidas.<\/p>\n<p>Al\u00e9m do IJF, da Contraf-CUT e dos seus sindicatos e federa\u00e7\u00f5es filiados, a Funda\u00e7\u00e3o Friedrich Ebert Stiftung, Delegacias Sindicais do Sindifisco Nacional (Rio de Janeiro, Florian\u00f3polis, Curitiba, Ribeir\u00e3o Preto), Auditores Fiscais pela Democracia, o Movimento Contra as Reformas \u2013 Rio de Janeiro, a Central \u00danica dos Trabalhadores, o Movimento dos Trabalhadores Sem Terra, a Confedera\u00e7\u00e3o Nacional dos Trabalhadores em Educa\u00e7\u00e3o, a Confedera\u00e7\u00e3o Nacional dos Trabalhadores em Seguridade Social e a Uni\u00e3o Nacional dos Estudantes fazem parte da campanha que j\u00e1 conta com\u00a0<a href=\"http:\/\/www.ijf.org.br\/participantes-da-campanha-tributar-os-super-ricos\" target=\"_blank\" rel=\"noopener noreferrer\">mais de 50 entidades representativas dos mais diferentes segmentos da sociedade<\/a>, que est\u00e3o mobilizadas para construir a press\u00e3o popular necess\u00e1ria para viabilizar a tramita\u00e7\u00e3o das propostas no Congresso Nacional.<\/p>\n<h3><strong>Resumo das propostas<\/strong><\/h3>\n<figure class=\"wp-block-image size-large\"><img decoding=\"async\" class=\"wp-image-284381\" src=\"https:\/\/contrafcut.com.br\/wp-content\/uploads\/2020\/10\/image-3.png\" sizes=\"(max-width: 941px) 100vw, 941px\" srcset=\"https:\/\/contrafcut.com.br\/wp-content\/uploads\/2020\/10\/image-3.png 941w, https:\/\/contrafcut.com.br\/wp-content\/uploads\/2020\/10\/image-3-247x230.png 247w, https:\/\/contrafcut.com.br\/wp-content\/uploads\/2020\/10\/image-3-768x717.png 768w\" alt=\"\" width=\"941\" height=\"878\" \/><\/figure>\n<h3><strong>Links da calculadora e das redes sociais da campanha:<\/strong><\/h3>\n<p><strong>Calculadora:<\/strong>\u00a0<a href=\"http:\/\/www.ijf.org.br\/calculadora-irpf\">www.ijf.org.br\/calculadora-irpf<\/a><br \/><strong>Instagram:<\/strong>\u00a0https:\/\/www.instagram.com\/tributar.os.super.ricos\/<br \/><strong>Facebook:<\/strong>\u00a0<a href=\"https:\/\/www.facebook.com\/tributar.os.super.ricos\">https:\/\/www.facebook.com\/tributar.os.super.ricos<\/a><br \/><strong>Twitter:<\/strong>\u00a0<a href=\"https:\/\/twitter.com\/OsTributar\">https:\/\/twitter.com\/OsTributar<\/a><\/p>\n<p><strong>Fonte: Contraf-CUT<\/strong><\/p>\n","protected":false},"excerpt":{"rendered":"<p>Dezenas de entidades\u00a0lan\u00e7am no dia 29 de outubro, \u00e0s 10h, uma campanha nacional para sensibilizar a sociedade sobre a necessidade da implementa\u00e7\u00e3o de medidas tribut\u00e1rias emergenciais para enfrentar a grave crise aprofundada na pandemia e com potencial para solucionar problemas hist\u00f3ricos de justi\u00e7a fiscal no Brasil. \u201cMais de 50 organiza\u00e7\u00f5es de todo o pa\u00eds\u00a0j\u00e1 se [&hellip;]<\/p>\n","protected":false},"author":2,"featured_media":9860,"comment_status":"","ping_status":"","sticky":false,"template":"","format":"standard","meta":{"footnotes":""},"categories":[3],"tags":[],"class_list":["post-9861","post","type-post","status-publish","format-standard","has-post-thumbnail","hentry","category-noticias"],"_links":{"self":[{"href":"https:\/\/hostnetart.com.br\/baixada\/wp-json\/wp\/v2\/posts\/9861","targetHints":{"allow":["GET"]}}],"collection":[{"href":"https:\/\/hostnetart.com.br\/baixada\/wp-json\/wp\/v2\/posts"}],"about":[{"href":"https:\/\/hostnetart.com.br\/baixada\/wp-json\/wp\/v2\/types\/post"}],"author":[{"embeddable":true,"href":"https:\/\/hostnetart.com.br\/baixada\/wp-json\/wp\/v2\/users\/2"}],"replies":[{"embeddable":true,"href":"https:\/\/hostnetart.com.br\/baixada\/wp-json\/wp\/v2\/comments?post=9861"}],"version-history":[{"count":0,"href":"https:\/\/hostnetart.com.br\/baixada\/wp-json\/wp\/v2\/posts\/9861\/revisions"}],"wp:featuredmedia":[{"embeddable":true,"href":"https:\/\/hostnetart.com.br\/baixada\/wp-json\/wp\/v2\/media\/9860"}],"wp:attachment":[{"href":"https:\/\/hostnetart.com.br\/baixada\/wp-json\/wp\/v2\/media?parent=9861"}],"wp:term":[{"taxonomy":"category","embeddable":true,"href":"https:\/\/hostnetart.com.br\/baixada\/wp-json\/wp\/v2\/categories?post=9861"},{"taxonomy":"post_tag","embeddable":true,"href":"https:\/\/hostnetart.com.br\/baixada\/wp-json\/wp\/v2\/tags?post=9861"}],"curies":[{"name":"wp","href":"https:\/\/api.w.org\/{rel}","templated":true}]}}