{"id":9859,"date":"2020-10-26T21:35:13","date_gmt":"2020-10-27T00:35:13","guid":{"rendered":"https:\/\/hostnetart.com.br\/baixada\/hoje-e-o-dia-da-visibilidade-intersexual\/"},"modified":"2020-10-26T21:35:13","modified_gmt":"2020-10-27T00:35:13","slug":"hoje-e-o-dia-da-visibilidade-intersexual","status":"publish","type":"post","link":"https:\/\/hostnetart.com.br\/baixada\/hoje-e-o-dia-da-visibilidade-intersexual\/","title":{"rendered":"Hoje \u00e9 o Dia da Visibilidade Intersexual"},"content":{"rendered":"<p>Hoje, dia 26 de outubro, \u00e9 comemorado o Dia da Visibilidade Intersexual. A data, organizada pela ONU Livres &amp; Iguais, a Associa\u00e7\u00e3o Brasileira de Intersexos e a Associa\u00e7\u00e3o Brasileira Profissional pela Sa\u00fade Integral de Travestis, promove maior conscientiza\u00e7\u00e3o sobre esse tema. Intersexo \u00e9 um termo usado para descrever uma ampla gama de varia\u00e7\u00f5es naturais do corpo. A Confedera\u00e7\u00e3o Nacional dos Trabalhadores do Ramo Financeiro (Contraf-CUT), participa das atividades para marcar a data.<\/p>\n<p>Em alguns casos, caracter\u00edsticas intersexuais s\u00e3o vis\u00edveis no nascimento, enquanto outras n\u00e3o s\u00e3o aparentes at\u00e9 a puberdade. Pessoas intersexo nascem com caracter\u00edsticas sexuais (incluindo genitais, g\u00f4nadas e padr\u00f5es cromoss\u00f4micos) que n\u00e3o se encaixam nas t\u00edpicas no\u00e7\u00f5es bin\u00e1rias de corpos masculinos e femininos. Podem ser heterossexuais, gays, l\u00e9sbicas, bissexuais ou assexuais. Tamb\u00e9m podem se identificar como mulher, homem, ambos ou nenhuma das duas coisas.<\/p>\n<p><strong>Estimativas<\/strong><\/p>\n<p>Algumas varia\u00e7\u00f5es cromoss\u00f4micas intersexuais podem n\u00e3o ser fisicamente aparentes. A intersexualidade, de acordo com a ONU, est\u00e1 presente em at\u00e9 1,7% dos rec\u00e9m-nascidos. No Brasil, estima-se que 167 mil pessoas sejam intersexuais. Ser intersexo est\u00e1 relacionado \u00e0s caracter\u00edsticas biol\u00f3gicas do sexo, e \u00e9 diferente da orienta\u00e7\u00e3o sexual e da identidade de g\u00eanero.<\/p>\n<p>O dia 26 de outubro marca a luta pelo fim da invisibilidade intersexo porque, nesta data, ocorreu a primeira demonstra\u00e7\u00e3o p\u00fablica de que se tem registro de pessoas intersexo na Am\u00e9rica do Norte. A demonstra\u00e7\u00e3o ocorreu em 1996, na cidade de Boston, durante a confer\u00eancia anual da Academia Americana de Pediatria.<\/p>\n<p><strong>Mutila\u00e7\u00f5es<\/strong><\/p>\n<p>O termo Intersexual \u00e9 o termo correto para referir-se a pessoas que nascem com essa condi\u00e7\u00e3o biol\u00f3gica. Hermafrodita era usado antigamente, na Biologia e na Medicina, estritamente para esp\u00e9cies n\u00e3o-humanas e que significava basicamente: esp\u00e9cies que apresentam dois sistemas reprodutores em um mesmo organismo. Logo, o termo era usado para descrever esp\u00e9cies e n\u00e3o para descrever indiv\u00edduos de uma esp\u00e9cie. Na atualidade, o termo \u201chermafrodita\u201d nem \u00e9 mais usado na Biologia e na Medicina; os termos corretos s\u00e3o: esp\u00e9cie di\u00f3ica e esp\u00e9cie mon\u00f3ica.<\/p>\n<p>Em todo o mundo, inclusive no Brasil, pessoas intersexuais t\u00eam se articulado para defender o direito \u00e0 autodetermina\u00e7\u00e3o de g\u00eanero e para combater interven\u00e7\u00f5es cl\u00ednicas desnecess\u00e1rias. \u201cAinda existe um conservadorismo em partes dos m\u00e9dicos, que acaba mutilando a maioria das crian\u00e7as interssexuais. Tem crescido o n\u00famero de casos de crian\u00e7as que foram mutiladas por causa da orienta\u00e7\u00e3o de alguns m\u00e9dicos a pais dessas crian\u00e7as. A mutila\u00e7\u00e3o acaba por antecipar um desejo da pessoa intersexo. Ocorre que essas pessoas, j\u00e1 quando adolescentes, come\u00e7am a se arrepender porque est\u00e3o em um corpo que n\u00e3o lhe pertencem. S\u00e3o orienta\u00e7\u00f5es precipitadas e irrespons\u00e1veis que precisam ser denunciadas\u201d, declarou Adilson Barros, militante LGBT e diretor executivo da Contraf-CUT.<\/p>\n<p><em><span style=\"text-decoration: underline;\"><strong>Fonte: Contraf-CUT<\/strong><\/span><\/em><\/p>\n","protected":false},"excerpt":{"rendered":"<p>Hoje, dia 26 de outubro, \u00e9 comemorado o Dia da Visibilidade Intersexual. A data, organizada pela ONU Livres &amp; Iguais, a Associa\u00e7\u00e3o Brasileira de Intersexos e a Associa\u00e7\u00e3o Brasileira Profissional pela Sa\u00fade Integral de Travestis, promove maior conscientiza\u00e7\u00e3o sobre esse tema. Intersexo \u00e9 um termo usado para descrever uma ampla gama de varia\u00e7\u00f5es naturais do [&hellip;]<\/p>\n","protected":false},"author":2,"featured_media":9858,"comment_status":"","ping_status":"","sticky":false,"template":"","format":"standard","meta":{"footnotes":""},"categories":[3],"tags":[],"class_list":["post-9859","post","type-post","status-publish","format-standard","has-post-thumbnail","hentry","category-noticias"],"_links":{"self":[{"href":"https:\/\/hostnetart.com.br\/baixada\/wp-json\/wp\/v2\/posts\/9859","targetHints":{"allow":["GET"]}}],"collection":[{"href":"https:\/\/hostnetart.com.br\/baixada\/wp-json\/wp\/v2\/posts"}],"about":[{"href":"https:\/\/hostnetart.com.br\/baixada\/wp-json\/wp\/v2\/types\/post"}],"author":[{"embeddable":true,"href":"https:\/\/hostnetart.com.br\/baixada\/wp-json\/wp\/v2\/users\/2"}],"replies":[{"embeddable":true,"href":"https:\/\/hostnetart.com.br\/baixada\/wp-json\/wp\/v2\/comments?post=9859"}],"version-history":[{"count":0,"href":"https:\/\/hostnetart.com.br\/baixada\/wp-json\/wp\/v2\/posts\/9859\/revisions"}],"wp:featuredmedia":[{"embeddable":true,"href":"https:\/\/hostnetart.com.br\/baixada\/wp-json\/wp\/v2\/media\/9858"}],"wp:attachment":[{"href":"https:\/\/hostnetart.com.br\/baixada\/wp-json\/wp\/v2\/media?parent=9859"}],"wp:term":[{"taxonomy":"category","embeddable":true,"href":"https:\/\/hostnetart.com.br\/baixada\/wp-json\/wp\/v2\/categories?post=9859"},{"taxonomy":"post_tag","embeddable":true,"href":"https:\/\/hostnetart.com.br\/baixada\/wp-json\/wp\/v2\/tags?post=9859"}],"curies":[{"name":"wp","href":"https:\/\/api.w.org\/{rel}","templated":true}]}}