{"id":9857,"date":"2020-10-26T03:02:39","date_gmt":"2020-10-26T06:02:39","guid":{"rendered":"https:\/\/hostnetart.com.br\/baixada\/responsabilidade-dos-bancos-e-cobrada-diante-da-alta-do-desemprego\/"},"modified":"2020-10-26T03:02:39","modified_gmt":"2020-10-26T06:02:39","slug":"responsabilidade-dos-bancos-e-cobrada-diante-da-alta-do-desemprego","status":"publish","type":"post","link":"https:\/\/hostnetart.com.br\/baixada\/responsabilidade-dos-bancos-e-cobrada-diante-da-alta-do-desemprego\/","title":{"rendered":"Responsabilidade dos bancos \u00e9 cobrada diante da alta do desemprego"},"content":{"rendered":"<p>A presidenta da Confedera\u00e7\u00e3o Nacional dos Trabalhadores do Ramo Financeiro (Contraf-CUT), Juvandia Moreira, alertou para a responsabilidade dos principais agentes econ\u00f4micos do pa\u00eds diante da taxa recorde de desemprego, registrada nesta sexta-feira (23) pelo Instituto Brasileiro de Geografia e Estat\u00edstica (IBGE). A taxa subiu para 14% em setembro (em agosto estava em 13,6%), a maior da s\u00e9rie hist\u00f3rica da Pnad Covid, pesquisa criada pelo IBGE para medir o impacto da pandemia no mercado de trabalho e na sa\u00fade da popula\u00e7\u00e3o.<\/p>\n<p>\u201cSe a pandemia contribuiu bastante para essa taxa recorde, o que vemos agora s\u00e3o setores da economia que passam a impulsionar de forma mais intensa o desemprego. \u00c9 o caso dos bancos, um setor que lucrou este ano e demite cada vez mais, m\u00eas a m\u00eas\u201d, declarou Juvandia, para quem \u00e9 uma contradi\u00e7\u00e3o que o setor financeiro tenha registrados lucro durante a pandemia e inicie uma escalada de demiss\u00f5es.<\/p>\n<p><strong>Lucros recordes<\/strong><\/p>\n<p>Em 2019, os lucros nos bancos bateram recordes. O lucro dos cinco maiores bancos do pa\u00eds (Ita\u00fa, Santander e Bradesco, Banco do Brasil e Caixa Econ\u00f4mica) somou R$ 108 bilh\u00f5es no ano passado, uma alta de 30%,3% em 12 meses. O Ita\u00fa registrou, em 2019, um lucro de R$ 28,3 bilh\u00f5es, o Bradesco, R$ 25,8 bilh\u00f5es e o Santander, R$ 14,5 bilh\u00f5es. S\u00e3o esses tr\u00eas bancos que agora batem recordes de demiss\u00f5es. Passaram a demitir seus funcion\u00e1rios antes do final do primeiro semestre deste ano, semanas depois de se comprometerem na mesa de negocia\u00e7\u00f5es com o movimento sindical a n\u00e3o recorrerem \u00e0 demiss\u00e3o durante a pandemia. Desde janeiro, foram mais de 12 mil demiss\u00f5es.<\/p>\n<p>Neste ano, o lucro dos cinco maiores bancos chegou a R$ 30 bilh\u00f5es no primeiro semestre. Um n\u00famero que pode estar subestimado devido ao recurso fiscal usados pelos bancos, de reservarem parte dos resultados como provisionamento, dinheiro de reserva para se proteger em caso de poss\u00edveis calotes dos clientes.<\/p>\n<p><strong>Escalada de demiss\u00f5es<\/strong><\/p>\n<p>Este ano, os bancos se comprometeram a n\u00e3o demitir durante a pandemia, acordo firmado com o movimento sindical banc\u00e1rio e que foi desrespeitado. De acordo com do Cadastro Geral de Empregados e Desempregados (Caged) do Minist\u00e9rio da Economia, foram 12.794 demiss\u00f5es. No levantamento do Caged para os meses de junho, julho e agosto fica claro que aumentou o ritmo das demiss\u00f5es na categoria. Em junho, foram registradas 1.363 demiss\u00f5es, n\u00famero que sobe para 1.634 em julho e atinge 1.841 em agosto.<\/p>\n<p>\u201cN\u00e3o \u00e9 o momento para demiss\u00f5es, principalmente para empresas que est\u00e3o lucrando. Vivemos uma situa\u00e7\u00e3o de calamidade sanit\u00e1ria e social e os bancos precisam ter responsabilidade\u201d, disse a presidenta da Contraf-CUT. Por causa da escalada de demiss\u00f5es, que cresce a cada m\u00eas, a Contraf-CUT e o movimento sindical da categoria banc\u00e1ria iniciou uma campanha nacional contra as demiss\u00f5es. \u201cOs bancos se comprometeram na mesa de negocia\u00e7\u00f5es que n\u00e3o iriam demitir durante a pandemia. A pandemia n\u00e3o acabou e o compromisso ainda est\u00e1 colocado\u201d, cobrou Juvandia Moreira.<\/p>\n<p><strong>Fonte: Contraf-CUT<\/strong><\/p>\n","protected":false},"excerpt":{"rendered":"<p>A presidenta da Confedera\u00e7\u00e3o Nacional dos Trabalhadores do Ramo Financeiro (Contraf-CUT), Juvandia Moreira, alertou para a responsabilidade dos principais agentes econ\u00f4micos do pa\u00eds diante da taxa recorde de desemprego, registrada nesta sexta-feira (23) pelo Instituto Brasileiro de Geografia e Estat\u00edstica (IBGE). A taxa subiu para 14% em setembro (em agosto estava em 13,6%), a maior [&hellip;]<\/p>\n","protected":false},"author":2,"featured_media":9856,"comment_status":"","ping_status":"","sticky":false,"template":"","format":"standard","meta":{"footnotes":""},"categories":[3],"tags":[],"class_list":["post-9857","post","type-post","status-publish","format-standard","has-post-thumbnail","hentry","category-noticias"],"_links":{"self":[{"href":"https:\/\/hostnetart.com.br\/baixada\/wp-json\/wp\/v2\/posts\/9857","targetHints":{"allow":["GET"]}}],"collection":[{"href":"https:\/\/hostnetart.com.br\/baixada\/wp-json\/wp\/v2\/posts"}],"about":[{"href":"https:\/\/hostnetart.com.br\/baixada\/wp-json\/wp\/v2\/types\/post"}],"author":[{"embeddable":true,"href":"https:\/\/hostnetart.com.br\/baixada\/wp-json\/wp\/v2\/users\/2"}],"replies":[{"embeddable":true,"href":"https:\/\/hostnetart.com.br\/baixada\/wp-json\/wp\/v2\/comments?post=9857"}],"version-history":[{"count":0,"href":"https:\/\/hostnetart.com.br\/baixada\/wp-json\/wp\/v2\/posts\/9857\/revisions"}],"wp:featuredmedia":[{"embeddable":true,"href":"https:\/\/hostnetart.com.br\/baixada\/wp-json\/wp\/v2\/media\/9856"}],"wp:attachment":[{"href":"https:\/\/hostnetart.com.br\/baixada\/wp-json\/wp\/v2\/media?parent=9857"}],"wp:term":[{"taxonomy":"category","embeddable":true,"href":"https:\/\/hostnetart.com.br\/baixada\/wp-json\/wp\/v2\/categories?post=9857"},{"taxonomy":"post_tag","embeddable":true,"href":"https:\/\/hostnetart.com.br\/baixada\/wp-json\/wp\/v2\/tags?post=9857"}],"curies":[{"name":"wp","href":"https:\/\/api.w.org\/{rel}","templated":true}]}}