{"id":9851,"date":"2020-10-23T17:48:07","date_gmt":"2020-10-23T20:48:07","guid":{"rendered":"https:\/\/hostnetart.com.br\/baixada\/oms-e-anvisa-dizem-que-vacina-sera-aprovada-pela-ciencia-nao-pela-nacionalidade\/"},"modified":"2020-10-23T17:48:07","modified_gmt":"2020-10-23T20:48:07","slug":"oms-e-anvisa-dizem-que-vacina-sera-aprovada-pela-ciencia-nao-pela-nacionalidade","status":"publish","type":"post","link":"https:\/\/hostnetart.com.br\/baixada\/oms-e-anvisa-dizem-que-vacina-sera-aprovada-pela-ciencia-nao-pela-nacionalidade\/","title":{"rendered":"OMS e Anvisa dizem que vacina ser\u00e1 aprovada pela \u2018ci\u00eancia\u2019, n\u00e3o pela \u2018nacionalidade\u2019"},"content":{"rendered":"<p>A Organiza\u00e7\u00e3o Mundial da Sa\u00fade (OMS) e a Ag\u00eancia Nacional de Vigil\u00e2ncia Sanit\u00e1ria (Anvisa) afirmam que a vacina contra a covid-19 deve ser aprovada \u201cpela ci\u00eancia\u201d, sem se importar com nacionalidade ou problemas pol\u00edticos. O recado das entidades especializadas vai na contram\u00e3o do\u00a0<a href=\"https:\/\/www.redebrasilatual.com.br\/politica\/2020\/10\/bolsonaro-proibe-compra-vacina\/\" target=\"_blank\" rel=\"noopener noreferrer\">discurso do presidente Jair Bolsonaro<\/a>.<\/p>\n<p>Em\u00a0<a href=\"https:\/\/www1.folha.uol.com.br\/equilibrioesaude\/2020\/10\/nao-se-pode-cogitar-postergar-analise-de-vacina-por-questoes-politicas-diz-presidente-da-anvisa.shtml\" target=\"_blank\" rel=\"noopener noreferrer\">entrevista \u00e0\u00a0<em>Folha de S.Paulo<\/em><\/a>, o diretor-presidente da Anvisa, Antonio Barra Torres, negou que a ag\u00eancia possa negar o aval para a Coronavac, desenvolvida pela farmac\u00eautica chinesa Sinovac, por causa de press\u00f5es do governo.<\/p>\n<p>Barra afirma que a\u00a0<a href=\"https:\/\/www.redebrasilatual.com.br\/saude-e-ciencia\/2020\/10\/anvisa-bolosnaro-decisao-vacina-ciencia\/\" target=\"_blank\" rel=\"noopener noreferrer\">origem da vacina n\u00e3o ter\u00e1 relev\u00e2ncia<\/a>\u00a0na an\u00e1lise da ag\u00eancia, que ocorre de forma t\u00e9cnica. \u201cIsso est\u00e1 previsto no C\u00f3digo Penal em algum lugar. Se estamos concebendo a possibilidade de algu\u00e9m daqui de dentro, intencionalmente, procrastinar, postergar ou realizar qualquer impedimento para que um medicamento salve vidas\u2026 Eu jamais vou poder cogitar isso. E, se eu tomar conhecimento, tomarei todas as medidas cab\u00edveis\u201d, afirmou.<\/p>\n<p>J\u00e1 nesta sexta-feira (23), a porta-voz da OMS, Margaret Harris, respondeu uma pergunta do jornalista Jamil Chade,\u00a0<a href=\"https:\/\/noticias.uol.com.br\/colunas\/jamil-chade\/2020\/10\/23\/oms-aprovacao-de-vacina-depende-de-ciencia-nao-de-nacionalidade.htm\" target=\"_blank\" rel=\"noopener noreferrer\">do\u00a0<em>UOL<\/em><\/a><em>,\u00a0<\/em>sobre a decis\u00e3o de Bolsonaro de n\u00e3o comprar a vacina chinesa. Ela afirmou que a nacionalidade do imunizante n\u00e3o deve ser levada em conta, mas a efic\u00e1cia e seguran\u00e7a.<\/p>\n<p>\u201cN\u00e3o \u00e9 sobre nacionalidade. \u00c9 sobre ci\u00eancia\u201d. Para a entidade internacional, o que vai determinar a aprova\u00e7\u00e3o de uma vacina \u00e9 sua efic\u00e1cia e seguran\u00e7a. E n\u00e3o quem a produz. \u201cEscolhemos a ci\u00eancia\u201d, insistiu a porta-voz.<\/p>\n<p>A pol\u00eamica sobre a vacina chinesa come\u00e7ou na \u00faltima quarta-feira (21), quando\u00a0<a href=\"https:\/\/www.redebrasilatual.com.br\/politica\/2020\/10\/lula-bolsonaro-recusar-vacina-chinesa-e-crime-contra-a-nacao-e-motivo-para-impeachment\/\" target=\"_blank\" rel=\"noopener noreferrer\">Jair Bolsonaro escreveu mais um cap\u00edtulo<\/a>\u00a0do roteiro de sua gest\u00e3o desastrosa da pandemia de covid-19. Questionado por seguidor de rede social, e inflamado por quest\u00f5es ideol\u00f3gicas e pol\u00edticas, atacou a vacina mais promissora at\u00e9 o momento. \u201c<a href=\"https:\/\/www.redebrasilatual.com.br\/politica\/2020\/10\/apos-bravata-de-bolsonaro-sobre-vacina-chinesa-oposicao-vai-ao-stf-e-propoe-projeto-de-lei\/\" target=\"_blank\" rel=\"noopener noreferrer\">N\u00e3o ser\u00e1 comprada<\/a>. J\u00e1 mandei cancelar. O presidente sou eu, n\u00e3o abro m\u00e3o da minha autoridade\u201d.<\/p>\n<p>A resposta do presidente foi ao ministro da Sa\u00fade, Eduardo Pazuello, que na ter\u00e7a (20), anunciou acordo com o estado de S\u00e3o Paulo para a compra. Pazuello disse que iria incorporar a vacina ao Programa Nacional de Imuniza\u00e7\u00e3o. Segundo o ministro da Sa\u00fade, a vacina do Butantan \u201cseria a vacina do Brasil\u201d.<\/p>\n<p><strong>Fonte: Rede Brasil Atual<\/strong><\/p>\n","protected":false},"excerpt":{"rendered":"<p>A Organiza\u00e7\u00e3o Mundial da Sa\u00fade (OMS) e a Ag\u00eancia Nacional de Vigil\u00e2ncia Sanit\u00e1ria (Anvisa) afirmam que a vacina contra a covid-19 deve ser aprovada \u201cpela ci\u00eancia\u201d, sem se importar com nacionalidade ou problemas pol\u00edticos. O recado das entidades especializadas vai na contram\u00e3o do\u00a0discurso do presidente Jair Bolsonaro. Em\u00a0entrevista \u00e0\u00a0Folha de S.Paulo, o diretor-presidente da Anvisa, [&hellip;]<\/p>\n","protected":false},"author":2,"featured_media":9850,"comment_status":"","ping_status":"","sticky":false,"template":"","format":"standard","meta":{"footnotes":""},"categories":[3],"tags":[],"class_list":["post-9851","post","type-post","status-publish","format-standard","has-post-thumbnail","hentry","category-noticias"],"_links":{"self":[{"href":"https:\/\/hostnetart.com.br\/baixada\/wp-json\/wp\/v2\/posts\/9851","targetHints":{"allow":["GET"]}}],"collection":[{"href":"https:\/\/hostnetart.com.br\/baixada\/wp-json\/wp\/v2\/posts"}],"about":[{"href":"https:\/\/hostnetart.com.br\/baixada\/wp-json\/wp\/v2\/types\/post"}],"author":[{"embeddable":true,"href":"https:\/\/hostnetart.com.br\/baixada\/wp-json\/wp\/v2\/users\/2"}],"replies":[{"embeddable":true,"href":"https:\/\/hostnetart.com.br\/baixada\/wp-json\/wp\/v2\/comments?post=9851"}],"version-history":[{"count":0,"href":"https:\/\/hostnetart.com.br\/baixada\/wp-json\/wp\/v2\/posts\/9851\/revisions"}],"wp:featuredmedia":[{"embeddable":true,"href":"https:\/\/hostnetart.com.br\/baixada\/wp-json\/wp\/v2\/media\/9850"}],"wp:attachment":[{"href":"https:\/\/hostnetart.com.br\/baixada\/wp-json\/wp\/v2\/media?parent=9851"}],"wp:term":[{"taxonomy":"category","embeddable":true,"href":"https:\/\/hostnetart.com.br\/baixada\/wp-json\/wp\/v2\/categories?post=9851"},{"taxonomy":"post_tag","embeddable":true,"href":"https:\/\/hostnetart.com.br\/baixada\/wp-json\/wp\/v2\/tags?post=9851"}],"curies":[{"name":"wp","href":"https:\/\/api.w.org\/{rel}","templated":true}]}}