{"id":9847,"date":"2020-10-22T19:03:47","date_gmt":"2020-10-22T22:03:47","guid":{"rendered":"https:\/\/hostnetart.com.br\/baixada\/coe-bradesco-debate-estrategia-contra-as-demissoes-no-banco\/"},"modified":"2020-10-22T19:03:47","modified_gmt":"2020-10-22T22:03:47","slug":"coe-bradesco-debate-estrategia-contra-as-demissoes-no-banco","status":"publish","type":"post","link":"https:\/\/hostnetart.com.br\/baixada\/coe-bradesco-debate-estrategia-contra-as-demissoes-no-banco\/","title":{"rendered":"COE Bradesco debate estrat\u00e9gia contra as demiss\u00f5es no banco"},"content":{"rendered":"<p>A Comiss\u00e3o de Organiza\u00e7\u00e3o dos Empregados (COE) do Bradesco se reuniu por videoconfer\u00eancia, nesta quinta-feira (22), para discutir as demiss\u00f5es dos funcion\u00e1rios do banco por todo o Brasil. Depois do relato dos representantes de todas as federa\u00e7\u00f5es de banc\u00e1rios do pa\u00eds, a COE calcula que \u2013 no m\u00ednimo 1.224 trabalhadores foram demitidos desde o dia 28 de setembro.<\/p>\n<p>\u201c\u00c9 muita falta de sensibilidade e desrespeito. O banco, al\u00e9m de demitir em plena pandemia, o faz por telefone, sem respeitar trabalhadores doentes, hospitalizados, com estabilidades e, at\u00e9 mesmo, gr\u00e1vidas. \u00c9 um absurdo\u201d, lamentou Magaly Fagundes, coordenadora da COE Bradesco.<\/p>\n<p>A decis\u00e3o dos dirigentes foi pela ades\u00e3o \u00e0 campanha nacional contra as demiss\u00f5es, coordenada pela Confedera\u00e7\u00e3o Nacional dos Trabalhadores do Ramo Financeiro (Contraf-CUT) para combater os desligamentos nos bancos privados. A campanha visa denunciar a quebra do compromisso assumido pela Federa\u00e7\u00e3o Nacional dos Bancos (Fenaban), feito em mesa de negocia\u00e7\u00e3o com o Comando Nacional Banc\u00e1rio, de n\u00e3o realizar demiss\u00f5es durante a pandemia.<\/p>\n<h3>Demiss\u00f5es em massa<\/h3>\n<p>Os bancos j\u00e1 demitiram mais de 12 mil trabalhadores este ano, em descumprimento ao acordo firmado em mar\u00e7o com o movimento sindical banc\u00e1rio de quem n\u00e3o haveria demiss\u00f5es durante a pandemia. De acordo com do Cadastro Geral de Empregados e Desempregados (Caged) do Minist\u00e9rio da Economia, foram 12.794 demiss\u00f5es, contra 11.405 contrata\u00e7\u00f5es, um saldo negativo de 1.389 postos de trabalho fechados. No levantamento do Caged para os meses de junho, julho e agosto fica claro que o ritmo das demiss\u00f5es na categoria aumentou. Em junho, foram registradas 1.363 demiss\u00f5es, n\u00famero que sobe para 1.634 em julho e atinge 1.841 em agosto.<\/p>\n<p>O primeiro banco a puxar a fila das demiss\u00f5es foi o Santander, que n\u00e3o esperou muito e come\u00e7ou a demitir ainda no primeiro semestre. O Ita\u00fa passou a demitir funcion\u00e1rios j\u00e1 no segundo semestre, o mesmo acontecendo com o Banco Mercantil do Brasil. A mais recente ades\u00e3o \u00e0 lista dos descumpridores do acordo foi a do Bradesco, que combinou uma campanha publicit\u00e1ria para alardear que estava se preparando para o futuro, mas adotou um ritmo de demiss\u00f5es que tem se acelerado nas \u00faltimas semanas.<\/p>\n<p>\u201cO momento \u00e9 de uni\u00e3o. Nosso papel \u00e9 de defender o emprego e os direitos n\u00e3o s\u00f3 dos banc\u00e1rios do Bradesco, mas de toda a categoria. Essa \u00e9 a hora de resgatarmos a uni\u00e3o que tivemos em tantas batalhas, inclusive na Campanha Nacional 2020, que foi hist\u00f3rica, por ser feita durante uma pandemia sanit\u00e1ria\u201d, afirmou Magaly Fagundes.<\/p>\n<h3>#QuemLucraN\u00e3oDemite<\/h3>\n<p>Nesta sexta-feira (23) vai ter um tuita\u00e7o contra as demiss\u00f5es nos bancos. Ser\u00e1 \u00e0s 11h, com a hashtag #QuemLucraN\u00e3oDemite. Divulgue ao m\u00e1ximo este protesto, fale para seus amigos e familiares ajudarem a denunciar os bancos que tiveram grandes lucros este ano e n\u00e3o cumprem o acordo com os banc\u00e1rios de n\u00e3o demitir durante a pandemia.<\/p>\n<p><strong>Fonte: Contraf-CUT<\/strong><\/p>\n","protected":false},"excerpt":{"rendered":"<p>A Comiss\u00e3o de Organiza\u00e7\u00e3o dos Empregados (COE) do Bradesco se reuniu por videoconfer\u00eancia, nesta quinta-feira (22), para discutir as demiss\u00f5es dos funcion\u00e1rios do banco por todo o Brasil. Depois do relato dos representantes de todas as federa\u00e7\u00f5es de banc\u00e1rios do pa\u00eds, a COE calcula que \u2013 no m\u00ednimo 1.224 trabalhadores foram demitidos desde o dia [&hellip;]<\/p>\n","protected":false},"author":2,"featured_media":9846,"comment_status":"","ping_status":"","sticky":false,"template":"","format":"standard","meta":{"footnotes":""},"categories":[3],"tags":[],"class_list":["post-9847","post","type-post","status-publish","format-standard","has-post-thumbnail","hentry","category-noticias"],"_links":{"self":[{"href":"https:\/\/hostnetart.com.br\/baixada\/wp-json\/wp\/v2\/posts\/9847","targetHints":{"allow":["GET"]}}],"collection":[{"href":"https:\/\/hostnetart.com.br\/baixada\/wp-json\/wp\/v2\/posts"}],"about":[{"href":"https:\/\/hostnetart.com.br\/baixada\/wp-json\/wp\/v2\/types\/post"}],"author":[{"embeddable":true,"href":"https:\/\/hostnetart.com.br\/baixada\/wp-json\/wp\/v2\/users\/2"}],"replies":[{"embeddable":true,"href":"https:\/\/hostnetart.com.br\/baixada\/wp-json\/wp\/v2\/comments?post=9847"}],"version-history":[{"count":0,"href":"https:\/\/hostnetart.com.br\/baixada\/wp-json\/wp\/v2\/posts\/9847\/revisions"}],"wp:featuredmedia":[{"embeddable":true,"href":"https:\/\/hostnetart.com.br\/baixada\/wp-json\/wp\/v2\/media\/9846"}],"wp:attachment":[{"href":"https:\/\/hostnetart.com.br\/baixada\/wp-json\/wp\/v2\/media?parent=9847"}],"wp:term":[{"taxonomy":"category","embeddable":true,"href":"https:\/\/hostnetart.com.br\/baixada\/wp-json\/wp\/v2\/categories?post=9847"},{"taxonomy":"post_tag","embeddable":true,"href":"https:\/\/hostnetart.com.br\/baixada\/wp-json\/wp\/v2\/tags?post=9847"}],"curies":[{"name":"wp","href":"https:\/\/api.w.org\/{rel}","templated":true}]}}