{"id":9845,"date":"2020-10-22T12:02:02","date_gmt":"2020-10-22T15:02:02","guid":{"rendered":"https:\/\/hostnetart.com.br\/baixada\/bancos-demitiram-mais-de-12-mil-pessoas-este-ano\/"},"modified":"2020-10-22T12:02:02","modified_gmt":"2020-10-22T15:02:02","slug":"bancos-demitiram-mais-de-12-mil-pessoas-este-ano","status":"publish","type":"post","link":"https:\/\/hostnetart.com.br\/baixada\/bancos-demitiram-mais-de-12-mil-pessoas-este-ano\/","title":{"rendered":"Bancos demitiram mais de 12 mil pessoas este ano"},"content":{"rendered":"<p>Os bancos j\u00e1 demitiram mais de 12 mil trabalhadores este ano, em descumprimento ao acordo firmado em mar\u00e7o com o movimento sindical banc\u00e1rio de quem n\u00e3o haveria demiss\u00f5es durante a pandemia. De acordo com do Cadastro Geral de Empregados e Desempregados (Caged) do Minist\u00e9rio da Economia, foram 12.794 demiss\u00f5es, contra 11.405 contrata\u00e7\u00f5es, em um saldo negativo de 1.389 postos de trabalho fechados. No levantamento do Caged para os meses de junho, julho e agosto fica claro que aumentou o ritmo das demiss\u00f5es na categoria. Em junho, foram registradas 1.363 demiss\u00f5es, n\u00famero que sobe para 1.634 em julho e atinge 1.841 em agosto.<\/p>\n<p>O aumento dos desligados motivou a Confedera\u00e7\u00e3o Nacional dos Trabalhadores do Ramo Financeiro (Contraf-CUT) e o movimento sindical banc\u00e1rio em todo o pa\u00eds a fazerem uma campanha contra as demiss\u00f5es. A campanha visa denunciar a quebra do compromisso assumido pela Federa\u00e7\u00e3o Nacional dos Bancos (Fenaban), feito em mesa de negocia\u00e7\u00e3o com o Comando Nacional Banc\u00e1rio, de n\u00e3o realizar demiss\u00f5es durante a pandemia. O compromisso foi assumido durante a mesa de negocia\u00e7\u00f5es no primeiro semestre, logo no in\u00edcio da pandemia no Brasil.<\/p>\n<p><strong>Pandemia acabou?<\/strong><\/p>\n<p>\u201cCobramos o fornecimento de equipamento e tamb\u00e9m a suspens\u00e3o das demiss\u00f5es, porque mais importante era garantir o emprego. O desemprego j\u00e1 estava alto. Cobramos e os grandes bancos se comprometeram. Eles falaram que era um compromisso de mesa e que n\u00e3o queriam se comprometer com data. Mas, o acordo era de n\u00e3o demitir na pandemia. A pandemia n\u00e3o acabou e o compromisso est\u00e1 colocado\u201d, relatou a presidenta da Contraf-CUT, Juvandia Moreira, coordenadora do Comando Nacional dos Banc\u00e1rios.<\/p>\n<p>O primeiro banco a puxar a fila das demiss\u00f5es foi o Santander, que n\u00e3o esperou muito e come\u00e7ou a demitir ainda no primeiro semestre. O Ita\u00fa passou a demitir funcion\u00e1rios j\u00e1 no segundo semestre, o mesmo acontecendo com o Banco Mercantil do Brasil. A mais recente ades\u00e3o \u00e0 lista dos descumpridores do acordo foi a do Bradesco, que combinou uma campanha publicit\u00e1ria para alardear que estava se preparando para o futuro, mas adotou um ritmo de demiss\u00f5es que tem se acelerado nas \u00faltimas semanas.<\/p>\n<p>Desde o in\u00edcio do m\u00eas est\u00e3o sendo realizadas manifesta\u00e7\u00f5es de protestos em frente a ag\u00eancias banc\u00e1rias, tuita\u00e7os para denunciar \u00e0 popula\u00e7\u00e3o a quebra de compromisso dos bancos e outras a\u00e7\u00f5es nas redes sociais.<\/p>\n<p><strong>Fonte: Contraf-CUT<\/strong><\/p>\n","protected":false},"excerpt":{"rendered":"<p>Os bancos j\u00e1 demitiram mais de 12 mil trabalhadores este ano, em descumprimento ao acordo firmado em mar\u00e7o com o movimento sindical banc\u00e1rio de quem n\u00e3o haveria demiss\u00f5es durante a pandemia. De acordo com do Cadastro Geral de Empregados e Desempregados (Caged) do Minist\u00e9rio da Economia, foram 12.794 demiss\u00f5es, contra 11.405 contrata\u00e7\u00f5es, em um saldo [&hellip;]<\/p>\n","protected":false},"author":2,"featured_media":9844,"comment_status":"","ping_status":"","sticky":false,"template":"","format":"standard","meta":{"footnotes":""},"categories":[3],"tags":[],"class_list":["post-9845","post","type-post","status-publish","format-standard","has-post-thumbnail","hentry","category-noticias"],"_links":{"self":[{"href":"https:\/\/hostnetart.com.br\/baixada\/wp-json\/wp\/v2\/posts\/9845","targetHints":{"allow":["GET"]}}],"collection":[{"href":"https:\/\/hostnetart.com.br\/baixada\/wp-json\/wp\/v2\/posts"}],"about":[{"href":"https:\/\/hostnetart.com.br\/baixada\/wp-json\/wp\/v2\/types\/post"}],"author":[{"embeddable":true,"href":"https:\/\/hostnetart.com.br\/baixada\/wp-json\/wp\/v2\/users\/2"}],"replies":[{"embeddable":true,"href":"https:\/\/hostnetart.com.br\/baixada\/wp-json\/wp\/v2\/comments?post=9845"}],"version-history":[{"count":0,"href":"https:\/\/hostnetart.com.br\/baixada\/wp-json\/wp\/v2\/posts\/9845\/revisions"}],"wp:featuredmedia":[{"embeddable":true,"href":"https:\/\/hostnetart.com.br\/baixada\/wp-json\/wp\/v2\/media\/9844"}],"wp:attachment":[{"href":"https:\/\/hostnetart.com.br\/baixada\/wp-json\/wp\/v2\/media?parent=9845"}],"wp:term":[{"taxonomy":"category","embeddable":true,"href":"https:\/\/hostnetart.com.br\/baixada\/wp-json\/wp\/v2\/categories?post=9845"},{"taxonomy":"post_tag","embeddable":true,"href":"https:\/\/hostnetart.com.br\/baixada\/wp-json\/wp\/v2\/tags?post=9845"}],"curies":[{"name":"wp","href":"https:\/\/api.w.org\/{rel}","templated":true}]}}