{"id":9843,"date":"2020-10-22T11:58:49","date_gmt":"2020-10-22T14:58:49","guid":{"rendered":"https:\/\/hostnetart.com.br\/baixada\/grupos-de-risco-poderao-voltar-ao-trabalho-no-banco-do-brasil\/"},"modified":"2020-10-22T11:58:49","modified_gmt":"2020-10-22T14:58:49","slug":"grupos-de-risco-poderao-voltar-ao-trabalho-no-banco-do-brasil","status":"publish","type":"post","link":"https:\/\/hostnetart.com.br\/baixada\/grupos-de-risco-poderao-voltar-ao-trabalho-no-banco-do-brasil\/","title":{"rendered":"Grupos de risco poder\u00e3o voltar ao trabalho no Banco do Brasil"},"content":{"rendered":"<p>O Banco do Brasil emitiu um comunicado aos seus funcion\u00e1rios, na segunda-feira (19), abrindo a possibilidade de retorno ao trabalho presencial daqueles que se declaram como pertencentes a algum grupo de risco para a Covid-19.<\/p>\n<p>Em seu comunicado, o banco diz que \u201cconsiderando a situa\u00e7\u00e3o de decl\u00ednio das contamina\u00e7\u00f5es do novo coronav\u00edrus no Pa\u00eds, aqueles funcion\u00e1rios que se autodeclaram pertencentes ao Grupo de Risco e que, voluntariamente desejarem voltar ao trabalho presencial, cuja condi\u00e7\u00e3o n\u00e3o fa\u00e7a parte do rol definido pela\u00a0<a href=\"https:\/\/www.in.gov.br\/en\/web\/dou\/-\/portaria-conjunta-n-20-de-18-de-junho-de-2020-262408085\" target=\"_blank\" rel=\"noopener noreferrer\">Portaria Conjunta n\u00ba20<\/a>, de 18\/06\/2020, do Minist\u00e9rio da Economia\/Secretaria Especial de Previd\u00eancia e Trabalho e Minist\u00e9rio da Sa\u00fade, poder\u00e3o solicitar uma avalia\u00e7\u00e3o documental para a equipe de sa\u00fade ocupacional da Gepes\/Sesmt.\u201d<\/p>\n<p>O banco adianta que \u201cneste momento, n\u00e3o ter\u00e3o o retorno ao trabalho presencial autorizado: funcion\u00e1rios acima de 60 anos, com diabetes de qualquer tipo, com obesidade grau 3 (IMC igual ou maior que 40), portadores de doen\u00e7as cr\u00f4nicas graves e\/ou gestantes.\u201d<\/p>\n<p>\u201cN\u00e3o avaliamos que este \u00e9 o momento para o retorno ao trabalho de pessoas dos grupos de risco. J\u00e1 vimos em outros pa\u00edses e mesmo aqui no Brasil que a retomada intempestiva das atividades pode provocar uma nova onda de contamina\u00e7\u00f5es e mortes\u201d, afirmou o coordenador da Comiss\u00e3o de Empresa dos Funcion\u00e1rios do Banco do Brasil (CEBB), Jo\u00e3o Fukunaga.<\/p>\n<p>O coordenador da CEBB lembrou, ainda, que o direito ao afastamento de funcion\u00e1rios que se autodeclarassem como sendo de algum grupo de risco foi uma conquista dos sindicatos no in\u00edcio da pandemia no pa\u00eds.<\/p>\n<p>\u201c<a href=\"https:\/\/contrafcut.com.br\/noticias\/coronavirus-apos-cobranca-bb-divulga-novas-orientacoes\" target=\"_blank\" rel=\"noopener noreferrer\">Conquistamos este direito<\/a>\u00a0que pode ter preservado muitas vidas e ele ainda est\u00e1 valendo. Mas se algum funcion\u00e1rio que esteja afastado por ter se autodeclarado como sendo de algum grupo de risco tiver interesse no retorno, esta \u00e9 uma decis\u00e3o que cabe a ele. Queremos apenas que o banco garanta que n\u00e3o haja press\u00e3o por parte de gestores para o retorno ao trabalho destas pessoas. A decis\u00e3o precisa ser volunt\u00e1ria\u201d, completou ao orientar que se algum funcion\u00e1rio se sentir pressionado deve procurar pelo seu sindicato e fazer a den\u00fancia do ocorrido.<\/p>\n<h3>Procedimentos<\/h3>\n<p>O banco informou, ainda, que o funcion\u00e1rio que tiver interesse em retomar o trabalho presencial deve enviar seu pedido, por e-mail, ao departamento de Servi\u00e7os Especializados em Engenharia de Seguran\u00e7a e em Medicina do Trabalho (Sesmt) de sua jurisdi\u00e7\u00e3o.<\/p>\n<p>O m\u00e9dico do Sesmt analisar\u00e1 o pedido e poder\u00e1 solicitar parecer do m\u00e9dico assistente liberando para o trabalho presencial, outros laudos m\u00e9dicos e prescri\u00e7\u00f5es pertinentes ao caso. Segundo o banco, toda a documenta\u00e7\u00e3o ser\u00e1 avaliada utilizando como base as recomenda\u00e7\u00f5es da Organiza\u00e7\u00e3o Mundial da Sa\u00fade (OMS) e de sociedade m\u00e9dicas de infectologia no Brasil e no Exterior.<\/p>\n<p>\u201cAquele que desejar pode encaminhar seu pedido ao Sesmt, mas n\u00e3o abrimos m\u00e3o que o banco exija o laudo do m\u00e9dico particular antes de fazer a an\u00e1lise. \u00c9 um procedimento que pode resguardar a vida do pr\u00f3prio funcion\u00e1rio, de seus colegas de trabalho, clientes e de toda a sociedade\u201d, concluiu Fukunaga.<\/p>\n<p><strong>Fonte: Contraf-CUT<\/strong><\/p>\n","protected":false},"excerpt":{"rendered":"<p>O Banco do Brasil emitiu um comunicado aos seus funcion\u00e1rios, na segunda-feira (19), abrindo a possibilidade de retorno ao trabalho presencial daqueles que se declaram como pertencentes a algum grupo de risco para a Covid-19. Em seu comunicado, o banco diz que \u201cconsiderando a situa\u00e7\u00e3o de decl\u00ednio das contamina\u00e7\u00f5es do novo coronav\u00edrus no Pa\u00eds, aqueles [&hellip;]<\/p>\n","protected":false},"author":2,"featured_media":9842,"comment_status":"","ping_status":"","sticky":false,"template":"","format":"standard","meta":{"footnotes":""},"categories":[3],"tags":[],"class_list":["post-9843","post","type-post","status-publish","format-standard","has-post-thumbnail","hentry","category-noticias"],"_links":{"self":[{"href":"https:\/\/hostnetart.com.br\/baixada\/wp-json\/wp\/v2\/posts\/9843","targetHints":{"allow":["GET"]}}],"collection":[{"href":"https:\/\/hostnetart.com.br\/baixada\/wp-json\/wp\/v2\/posts"}],"about":[{"href":"https:\/\/hostnetart.com.br\/baixada\/wp-json\/wp\/v2\/types\/post"}],"author":[{"embeddable":true,"href":"https:\/\/hostnetart.com.br\/baixada\/wp-json\/wp\/v2\/users\/2"}],"replies":[{"embeddable":true,"href":"https:\/\/hostnetart.com.br\/baixada\/wp-json\/wp\/v2\/comments?post=9843"}],"version-history":[{"count":0,"href":"https:\/\/hostnetart.com.br\/baixada\/wp-json\/wp\/v2\/posts\/9843\/revisions"}],"wp:featuredmedia":[{"embeddable":true,"href":"https:\/\/hostnetart.com.br\/baixada\/wp-json\/wp\/v2\/media\/9842"}],"wp:attachment":[{"href":"https:\/\/hostnetart.com.br\/baixada\/wp-json\/wp\/v2\/media?parent=9843"}],"wp:term":[{"taxonomy":"category","embeddable":true,"href":"https:\/\/hostnetart.com.br\/baixada\/wp-json\/wp\/v2\/categories?post=9843"},{"taxonomy":"post_tag","embeddable":true,"href":"https:\/\/hostnetart.com.br\/baixada\/wp-json\/wp\/v2\/tags?post=9843"}],"curies":[{"name":"wp","href":"https:\/\/api.w.org\/{rel}","templated":true}]}}