{"id":9841,"date":"2020-10-21T21:27:29","date_gmt":"2020-10-22T00:27:29","guid":{"rendered":"https:\/\/hostnetart.com.br\/baixada\/sindicato-dos-bancarios-da-baixada-fluminense-se-reune-com-representantes-da-caixa\/"},"modified":"2020-10-21T21:27:29","modified_gmt":"2020-10-22T00:27:29","slug":"sindicato-dos-bancarios-da-baixada-fluminense-se-reune-com-representantes-da-caixa","status":"publish","type":"post","link":"https:\/\/hostnetart.com.br\/baixada\/sindicato-dos-bancarios-da-baixada-fluminense-se-reune-com-representantes-da-caixa\/","title":{"rendered":"Sindicato dos Banc\u00e1rios da Baixada Fluminense se re\u00fane com representantes da Caixa"},"content":{"rendered":"<p>Na ultima sexta-feira, dia 16, o Sindicato dos Banc\u00e1rios da Baixada Fluminense se reuniu com representantes da Caixa Econ\u00f4mica Federal, a pedido dos funcion\u00e1rios do banco.<\/p>\n<p>O Coordenador-Geral Alcyon Costa representou o Sindicato. J\u00e1 a Caixa, se fez presente pelo\u00a0respons\u00e1vel da \u00e1rea de Duque de Caxias, Fernando, e pelo\u00a0Superintendente da Rede da Regi\u00e3o Metropolitana, Sergio Sales.<\/p>\n<p>Primeiro a falar, Sergio Sales se apresentou e, em seguida, deu um panorama da atua\u00e7\u00e3o do banco na regi\u00e3o de Duque de Caxias. Informou que \u00e9 a regi\u00e3o que mais paga aux\u00edlio emergencial em todo o pa\u00eds, que durante a pandemia procurou escutar\u00a0as preocupa\u00e7\u00f5es e necessidades dos gestores e demais colegas das ag\u00eancias, que neste per\u00edodo de pandemia da Covid19, houveram poucas interna\u00e7\u00f5es e que os colegas que foram internados, se recuperaram bem.<\/p>\n<p>Sales tamb\u00e9m elogiou o acordo coletivo deste ano, j\u00e1 que estava preocupado com a poss\u00edvel greve, com os trabalhadores e como isso poderia afetar o atendimento junto ao p\u00fablico em geral.<\/p>\n<p>Por fim, apresentou\u00a0a reestrutura\u00e7\u00e3o nas Superintend\u00eancias Regionais do Rio de Janeiro. A Baixada Fluminense ficou dividida em tr\u00eas \u00e1reas:<\/p>\n<p>\u00a0<\/p>\n<p><strong>1-<\/strong> \u00c1rea de Mag\u00e9 &#8211; Sob a responsabilidade do SEV T\u00falio;<\/p>\n<p><strong>2-<\/strong> \u00c1rea de Duque de Caxias (compreende os munic\u00edpios de Duque de Caxias, S\u00e3o Jo\u00e3o de Meriti e Belford Roxo) &#8211; Sob a responsabilidade do SEV Fernando;<\/p>\n<p><strong>3-<\/strong> \u00c1rea de Nova Igua\u00e7u (compreende os munic\u00edpios de Nova Igua\u00e7u, Nil\u00f3polis, Mesquita e Queimados) &#8211; Sob a responsabilidade do SEV F\u00e1bio.\u00a0<\/p>\n<p>\u00a0<\/p>\n<p>Fernando falou do interesse da Superintend\u00eancia de Rede em manter sempre um canal de di\u00e1logo com o Sindicato dos Banc\u00e1rios da Baixada Fluminense, quando surgirem dificuldades, principalmente, no per\u00edodo de pandemia.<\/p>\n<p>\u00a0<\/p>\n<p>Assessorado pelo Diretor do Sindicato e funcion\u00e1rio da CEF, Marcio Wanderley, encaminhamos alguns temas para ser apresentada aos representantes da CEF:<\/p>\n<p><strong>1-<\/strong> Aumento de metas na pandemia ;<\/p>\n<p><strong>2-<\/strong> Mais concursos para a Caixa, afim de repor os companheiros que se aposentaram, ou que vir\u00e3o a se aposentar;<\/p>\n<p><strong>3-<\/strong> Programa de demiss\u00e3o volunt\u00e1ria (PDV) para os aposentados, ou pr\u00f3ximos disto;<\/p>\n<p><strong>4-<\/strong> Manuten\u00e7\u00e3o do home office para aqueles com doen\u00e7as pr\u00e9-existentes ou do grupo de risco.\u00a0<\/p>\n<p>\u00a0<\/p>\n<p>Sergio Sales tamb\u00e9m respondeu aos questionamentos do Sindicato:\u00a0<\/p>\n<p><strong>Metas:<\/strong>\u00a0&#8220;Em mar\u00e7o foram suspensas todas as metas, retornando sem cobran\u00e7a, em junho e julho.\u00a0 Em agosto retornou o sistema com um controle melhor para o empregado avaliar como estava a sua produ\u00e7\u00e3o. Que eles t\u00eam conseguido entregar as metas\u00a0com o atendimento social. Que as duas superintend\u00eancias de Nova Igua\u00e7u e Duque de Caxias tem entregue resultados maravilhosos. Tudo com muita \u00e9tica e transpar\u00eancia.&#8221;<\/p>\n<p><strong>Concursos:<\/strong>\u00a0&#8220;N\u00e3o\u00a0existe previs\u00e3o de novos concursos. Do \u00faltimo concurso foram contratados nove concursados. Foram contratados novos atendentes e vigilantes para suprir as necessidades nos pontos de vendas.&#8221;<\/p>\n<p><strong>Programa de Demiss\u00e3o Volunt\u00e1ria: &#8220;<\/strong>N\u00e3o chegou pra n\u00f3s detalhes sobre o tema, que \u00e9 discutido pelo Conselho Diretor.&#8221;<\/p>\n<p><strong>Home Office:<\/strong>\u00a0&#8220;100% do grupo de risco encontra-se em home Office. Que \u00e9 necess\u00e1rio o funcion\u00e1rio informar que \u00e9 do grupo de risco, em documento pr\u00f3prio. Existe um n\u00famero de colegas que se voluntariaram para ajudar os que est\u00e3o nas ag\u00eancias. Mas que est\u00e1 sendo tomado todo o cuidado quanto a isso.&#8221;<\/p>\n<p><strong>Protocolo:<\/strong>\u00a0&#8220;Em rela\u00e7\u00e3o aos cuidados da Covid19, na CEF, os protocolos s\u00e3o maiores do que os exigidos pelo Minist\u00e9rio da Sa\u00fade.&#8221;<\/p>\n<p><strong>Horas extras:<\/strong>\u00a0&#8220;Nunca foi paga tantas horas extras como agora, inclusive as realizadas aos s\u00e1bados.&#8221;<\/p>\n<p>\u00a0<\/p>\n<p>\u00a0<\/p>\n<p>Coordenador Geral do Sindicato, Alcyon Costa, aproveitou a oportunidade para registrar que banc\u00e1rios e banc\u00e1rias possuem uma rela\u00e7\u00e3o de confian\u00e7a com o Sindicato. E, mesmo na pandemia, essa rela\u00e7\u00e3o foi mantida. O Sindicato seguiu em contato com o banc\u00e1rio na ag\u00eancia, e\u00a0se certificando que o\u00a0protocolo necess\u00e1rio para proteger o banc\u00e1rio e o cliente fosse adotado.<\/p>\n<p>Alcyon agradeceu a oportunidade e espera que esta interlocu\u00e7\u00e3o ocorra em outras oportunidades, j\u00e1 que \u00e9 um excelente canal de comunica\u00e7\u00e3o para esclarecimentos.<\/p>\n","protected":false},"excerpt":{"rendered":"<p>Na ultima sexta-feira, dia 16, o Sindicato dos Banc\u00e1rios da Baixada Fluminense se reuniu com representantes da Caixa Econ\u00f4mica Federal, a pedido dos funcion\u00e1rios do banco. O Coordenador-Geral Alcyon Costa representou o Sindicato. J\u00e1 a Caixa, se fez presente pelo\u00a0respons\u00e1vel da \u00e1rea de Duque de Caxias, Fernando, e pelo\u00a0Superintendente da Rede da Regi\u00e3o Metropolitana, Sergio [&hellip;]<\/p>\n","protected":false},"author":2,"featured_media":9840,"comment_status":"","ping_status":"","sticky":false,"template":"","format":"standard","meta":{"footnotes":""},"categories":[3],"tags":[],"class_list":["post-9841","post","type-post","status-publish","format-standard","has-post-thumbnail","hentry","category-noticias"],"_links":{"self":[{"href":"https:\/\/hostnetart.com.br\/baixada\/wp-json\/wp\/v2\/posts\/9841","targetHints":{"allow":["GET"]}}],"collection":[{"href":"https:\/\/hostnetart.com.br\/baixada\/wp-json\/wp\/v2\/posts"}],"about":[{"href":"https:\/\/hostnetart.com.br\/baixada\/wp-json\/wp\/v2\/types\/post"}],"author":[{"embeddable":true,"href":"https:\/\/hostnetart.com.br\/baixada\/wp-json\/wp\/v2\/users\/2"}],"replies":[{"embeddable":true,"href":"https:\/\/hostnetart.com.br\/baixada\/wp-json\/wp\/v2\/comments?post=9841"}],"version-history":[{"count":0,"href":"https:\/\/hostnetart.com.br\/baixada\/wp-json\/wp\/v2\/posts\/9841\/revisions"}],"wp:featuredmedia":[{"embeddable":true,"href":"https:\/\/hostnetart.com.br\/baixada\/wp-json\/wp\/v2\/media\/9840"}],"wp:attachment":[{"href":"https:\/\/hostnetart.com.br\/baixada\/wp-json\/wp\/v2\/media?parent=9841"}],"wp:term":[{"taxonomy":"category","embeddable":true,"href":"https:\/\/hostnetart.com.br\/baixada\/wp-json\/wp\/v2\/categories?post=9841"},{"taxonomy":"post_tag","embeddable":true,"href":"https:\/\/hostnetart.com.br\/baixada\/wp-json\/wp\/v2\/tags?post=9841"}],"curies":[{"name":"wp","href":"https:\/\/api.w.org\/{rel}","templated":true}]}}