{"id":9835,"date":"2020-10-21T14:45:09","date_gmt":"2020-10-21T17:45:09","guid":{"rendered":"https:\/\/hostnetart.com.br\/baixada\/negociacoes-sobre-act-do-bndes-continuam-ate-quarta-feira-21\/"},"modified":"2020-10-21T14:45:09","modified_gmt":"2020-10-21T17:45:09","slug":"negociacoes-sobre-act-do-bndes-continuam-ate-quarta-feira-21","status":"publish","type":"post","link":"https:\/\/hostnetart.com.br\/baixada\/negociacoes-sobre-act-do-bndes-continuam-ate-quarta-feira-21\/","title":{"rendered":"Negocia\u00e7\u00f5es sobre ACT do BNDES continuam at\u00e9 quarta-feira (21)"},"content":{"rendered":"<p>As negocia\u00e7\u00f5es para a renova\u00e7\u00e3o do Acordo Coletivo de Trabalho dos empregados do Sistema BNDES (banco, Finame e BNDESPAR) continuam at\u00e9 quarta-feira (21). A prorroga\u00e7\u00e3o do prazo para o t\u00e9rmino das negocia\u00e7\u00f5es foi autorizada pelo Tribunal Superior do Trabalho (TST) ap\u00f3s pedido de mais tempo feito na sexta-feira (16) pela representa\u00e7\u00e3o dos trabalhadores e patronal.<\/p>\n<p>Na semana passada, seguindo encaminhamento da media\u00e7\u00e3o pelo TST em 7 de outubro, foram realizados quatro encontros virtuais entre as partes nos dias 13, 14, 15 e 16 (um a mais do que estava previsto). Segundo a Comiss\u00e3o dos Empregados, a negocia\u00e7\u00e3o avan\u00e7ou na reuni\u00e3o de sexta-feira (16), mas as partes precisavam de mais tempo para finalizar a discuss\u00e3o.<\/p>\n<p>\u201cDesde a Assembleia Geral Extraordin\u00e1ria que aprovou a pauta de reivindica\u00e7\u00f5es dos empregados, j\u00e1 se passaram dois meses e meio e a negocia\u00e7\u00e3o ainda n\u00e3o terminou. Mas, agora, estamos esperan\u00e7osos de que encontraremos um caminho comum para atender a expectativa do funcionalismo do BNDES\u201d, afirmou o vice-presidente da Confedera\u00e7\u00e3o Nacional dos Trabalhadores do Ramo Financeiro (Contraf-CUT), Vin\u00edcius Assump\u00e7\u00e3o. \u201cNossa luta n\u00e3o est\u00e1 sendo f\u00e1cil e ela ainda n\u00e3o acabou. Precisamos permanecer mobilizados e atentos\u201d, completou.<\/p>\n<h3>Cl\u00e1usulas em debate<\/h3>\n<p>Est\u00e3o em debate as cl\u00e1usulas pendentes que foram levadas \u00e0 media\u00e7\u00e3o no TST: \u201cDespedida de Empregados das Empresas do Sistema BNDES\u201d, \u201cLibera\u00e7\u00e3o de Representante Sindical\u201d, \u201cRepasse das Mensalidades Associativas\u201d, \u201cInforma\u00e7\u00e3o sobre Plano de Sa\u00fade\u201d e \u201cInforma\u00e7\u00e3o sobre Estatuto e\/ou Regulamento Previdenci\u00e1rio da FAPES\u201d.<\/p>\n<p>Em comunicado divulgado na noite de sexta-feira (16), a Comiss\u00e3o dos Empregados informou que a representa\u00e7\u00e3o do Banco solicitou que n\u00e3o houvesse divulga\u00e7\u00e3o do teor das rodadas de negocia\u00e7\u00e3o realizadas esta semana, com o que concordou os representantes dos funcion\u00e1rios \u201cde forma a propiciar um ambiente que levasse \u00e0 celebra\u00e7\u00e3o do Acordo Coletivo de Trabalho de 2020\u201d.<\/p>\n<p><strong>Fonte: Contraf-CUT<\/strong><\/p>\n","protected":false},"excerpt":{"rendered":"<p>As negocia\u00e7\u00f5es para a renova\u00e7\u00e3o do Acordo Coletivo de Trabalho dos empregados do Sistema BNDES (banco, Finame e BNDESPAR) continuam at\u00e9 quarta-feira (21). A prorroga\u00e7\u00e3o do prazo para o t\u00e9rmino das negocia\u00e7\u00f5es foi autorizada pelo Tribunal Superior do Trabalho (TST) ap\u00f3s pedido de mais tempo feito na sexta-feira (16) pela representa\u00e7\u00e3o dos trabalhadores e patronal. [&hellip;]<\/p>\n","protected":false},"author":2,"featured_media":9834,"comment_status":"","ping_status":"","sticky":false,"template":"","format":"standard","meta":{"footnotes":""},"categories":[3],"tags":[],"class_list":["post-9835","post","type-post","status-publish","format-standard","has-post-thumbnail","hentry","category-noticias"],"_links":{"self":[{"href":"https:\/\/hostnetart.com.br\/baixada\/wp-json\/wp\/v2\/posts\/9835","targetHints":{"allow":["GET"]}}],"collection":[{"href":"https:\/\/hostnetart.com.br\/baixada\/wp-json\/wp\/v2\/posts"}],"about":[{"href":"https:\/\/hostnetart.com.br\/baixada\/wp-json\/wp\/v2\/types\/post"}],"author":[{"embeddable":true,"href":"https:\/\/hostnetart.com.br\/baixada\/wp-json\/wp\/v2\/users\/2"}],"replies":[{"embeddable":true,"href":"https:\/\/hostnetart.com.br\/baixada\/wp-json\/wp\/v2\/comments?post=9835"}],"version-history":[{"count":0,"href":"https:\/\/hostnetart.com.br\/baixada\/wp-json\/wp\/v2\/posts\/9835\/revisions"}],"wp:featuredmedia":[{"embeddable":true,"href":"https:\/\/hostnetart.com.br\/baixada\/wp-json\/wp\/v2\/media\/9834"}],"wp:attachment":[{"href":"https:\/\/hostnetart.com.br\/baixada\/wp-json\/wp\/v2\/media?parent=9835"}],"wp:term":[{"taxonomy":"category","embeddable":true,"href":"https:\/\/hostnetart.com.br\/baixada\/wp-json\/wp\/v2\/categories?post=9835"},{"taxonomy":"post_tag","embeddable":true,"href":"https:\/\/hostnetart.com.br\/baixada\/wp-json\/wp\/v2\/tags?post=9835"}],"curies":[{"name":"wp","href":"https:\/\/api.w.org\/{rel}","templated":true}]}}