{"id":9833,"date":"2020-10-21T14:44:25","date_gmt":"2020-10-21T17:44:25","guid":{"rendered":"https:\/\/hostnetart.com.br\/baixada\/financiarios-definem-sobre-renovacao-da-cct-por-dois-anos\/"},"modified":"2020-10-21T14:44:25","modified_gmt":"2020-10-21T17:44:25","slug":"financiarios-definem-sobre-renovacao-da-cct-por-dois-anos","status":"publish","type":"post","link":"https:\/\/hostnetart.com.br\/baixada\/financiarios-definem-sobre-renovacao-da-cct-por-dois-anos\/","title":{"rendered":"Financi\u00e1rios definem sobre renova\u00e7\u00e3o da CCT por dois anos"},"content":{"rendered":"<p>Sindicatos de todo o Brasil realizam assembleias virtuais entre \u00e0s 15h desta quarta-feira (21) e \u00e0s 18h de quinta-feira (22) para decidir sobre a<a href=\"https:\/\/contrafcut.com.br\/noticias\/financiarios-definem-renovacao-da-cct-com-a-fenacrefi\/?swcfpc=1\" target=\"_blank\" rel=\"noopener noreferrer\">\u00a0proposta renova\u00e7\u00e3o da Conven\u00e7\u00e3o Coletiva de Trabalho (CCT) por dois anos<\/a>\u00a0negociada entre a Comiss\u00e3o de Organiza\u00e7\u00e3o dos Financi\u00e1rios e a Federa\u00e7\u00e3o Interestadual das Institui\u00e7\u00f5es de Cr\u00e9dito, Financiamento e Investimento (Fenacrefi).<\/p>\n<p>A Comiss\u00e3o de Organiza\u00e7\u00e3o dos Financi\u00e1rios orienta pela aprova\u00e7\u00e3o dos termos que preveem, para 2020, 1,13% de reajuste nos sal\u00e1rios e nos sal\u00e1rios de ingresso (que corresponde a 55% do INPC do per\u00edodo), abono de R$ 1.000,00 e reajuste de todos os benef\u00edcios com o \u00edndice integral do INPC, isto \u00e9, corre\u00e7\u00e3o de 2,05%. J\u00e1 para 2021, reajuste nos sal\u00e1rios, inclusive os de ingresso, pelo INPC integral do per\u00edodo, acumulado no per\u00edodo de 1\u00ba de junho de 2020 a 31 de maio de 2021.<\/p>\n<p>Sobre a Participa\u00e7\u00e3o dos Lucros e Resultados (PLR), a proposta para 2020 \u00e9 de manuten\u00e7\u00e3o, na \u00edntegra, das regras j\u00e1 estabelecidas na PLR-CCT vencida. Aplicando sobre os valores fixos e teto o valor integral do INPC para 2020. Para 2021, ser\u00e1 criado um grupo de trabalho para discutir eventuais altera\u00e7\u00f5es no modelo atual de PLR.<\/p>\n<p>\u201cEsta proposta deve ser considerado uma vit\u00f3ria, pois conquistamos nosso objetivo de manter a Conven\u00e7\u00e3o Coletiva intacta, sem qualquer perda de direitos. Por isso, \u00e9 fundamental a participa\u00e7\u00e3o dos financeiros nas assembleias do seu sindicato\u201d, afirmou Jair Alves, coordenador da Comiss\u00e3o de Organiza\u00e7\u00e3o dos Financi\u00e1rios.<\/p>\n<p><strong>Fonte: Contraf-CUT<\/strong><\/p>\n","protected":false},"excerpt":{"rendered":"<p>Sindicatos de todo o Brasil realizam assembleias virtuais entre \u00e0s 15h desta quarta-feira (21) e \u00e0s 18h de quinta-feira (22) para decidir sobre a\u00a0proposta renova\u00e7\u00e3o da Conven\u00e7\u00e3o Coletiva de Trabalho (CCT) por dois anos\u00a0negociada entre a Comiss\u00e3o de Organiza\u00e7\u00e3o dos Financi\u00e1rios e a Federa\u00e7\u00e3o Interestadual das Institui\u00e7\u00f5es de Cr\u00e9dito, Financiamento e Investimento (Fenacrefi). A Comiss\u00e3o [&hellip;]<\/p>\n","protected":false},"author":2,"featured_media":9832,"comment_status":"","ping_status":"","sticky":false,"template":"","format":"standard","meta":{"footnotes":""},"categories":[3],"tags":[],"class_list":["post-9833","post","type-post","status-publish","format-standard","has-post-thumbnail","hentry","category-noticias"],"_links":{"self":[{"href":"https:\/\/hostnetart.com.br\/baixada\/wp-json\/wp\/v2\/posts\/9833","targetHints":{"allow":["GET"]}}],"collection":[{"href":"https:\/\/hostnetart.com.br\/baixada\/wp-json\/wp\/v2\/posts"}],"about":[{"href":"https:\/\/hostnetart.com.br\/baixada\/wp-json\/wp\/v2\/types\/post"}],"author":[{"embeddable":true,"href":"https:\/\/hostnetart.com.br\/baixada\/wp-json\/wp\/v2\/users\/2"}],"replies":[{"embeddable":true,"href":"https:\/\/hostnetart.com.br\/baixada\/wp-json\/wp\/v2\/comments?post=9833"}],"version-history":[{"count":0,"href":"https:\/\/hostnetart.com.br\/baixada\/wp-json\/wp\/v2\/posts\/9833\/revisions"}],"wp:featuredmedia":[{"embeddable":true,"href":"https:\/\/hostnetart.com.br\/baixada\/wp-json\/wp\/v2\/media\/9832"}],"wp:attachment":[{"href":"https:\/\/hostnetart.com.br\/baixada\/wp-json\/wp\/v2\/media?parent=9833"}],"wp:term":[{"taxonomy":"category","embeddable":true,"href":"https:\/\/hostnetart.com.br\/baixada\/wp-json\/wp\/v2\/categories?post=9833"},{"taxonomy":"post_tag","embeddable":true,"href":"https:\/\/hostnetart.com.br\/baixada\/wp-json\/wp\/v2\/tags?post=9833"}],"curies":[{"name":"wp","href":"https:\/\/api.w.org\/{rel}","templated":true}]}}