{"id":9831,"date":"2020-10-20T17:32:36","date_gmt":"2020-10-20T20:32:36","guid":{"rendered":"https:\/\/hostnetart.com.br\/baixada\/secretario-da-contraf-cut-participa-de-debate-sobre-o-mercado-de-trabalho\/"},"modified":"2020-10-20T17:32:36","modified_gmt":"2020-10-20T20:32:36","slug":"secretario-da-contraf-cut-participa-de-debate-sobre-o-mercado-de-trabalho","status":"publish","type":"post","link":"https:\/\/hostnetart.com.br\/baixada\/secretario-da-contraf-cut-participa-de-debate-sobre-o-mercado-de-trabalho\/","title":{"rendered":"Secret\u00e1rio da Contraf-CUT participa de debate sobre o mercado de trabalho"},"content":{"rendered":"<p>O secret\u00e1rio de Combate ao Racismo da Confedera\u00e7\u00e3o Nacional dos Trabalhadores do Ramo Financeiro (Contraf-CUT), Almir Aguiar, participa nesta quarta-feira (21), \u00e0s 16h, do \u201cDi\u00e1logos Sobre o Trabalho Seguro II \u2013 Cen\u00e1rio p\u00f3s-pandemia\u201d, organizado pelo Tribunal Regional do Trabalho da Primeira Regi\u00e3o do Rio de Janeiro.<\/p>\n<p>A ideia \u00e9 aprofundar o di\u00e1logo com a sociedade em temas que demandam necess\u00e1rio enfrentamento visando um mundo do trabalho mais saud\u00e1vel.<\/p>\n<p>O debate ser\u00e1 mediado pela doutora Barbara Ferrito, ju\u00edza do Trabalho 1\u00aa Regi\u00e3o, e contar\u00e1 com a participa\u00e7\u00e3o de Wallace de Almeida Corbo, professor Funda\u00e7\u00e3o Get\u00falio Vargas.<\/p>\n<p>Para assistir ao evento, entre no\u00a0<a href=\"https:\/\/www.youtube.com\/channel\/UCrRpAppIo5BQL6rj8w8qnsA?view_as=subscriber\">canal do TRT RJ no Youtube<\/a>.<\/p>\n<p><strong>Fonte: Contraf-CUT<\/strong><\/p>\n","protected":false},"excerpt":{"rendered":"<p>O secret\u00e1rio de Combate ao Racismo da Confedera\u00e7\u00e3o Nacional dos Trabalhadores do Ramo Financeiro (Contraf-CUT), Almir Aguiar, participa nesta quarta-feira (21), \u00e0s 16h, do \u201cDi\u00e1logos Sobre o Trabalho Seguro II \u2013 Cen\u00e1rio p\u00f3s-pandemia\u201d, organizado pelo Tribunal Regional do Trabalho da Primeira Regi\u00e3o do Rio de Janeiro. A ideia \u00e9 aprofundar o di\u00e1logo com a sociedade [&hellip;]<\/p>\n","protected":false},"author":2,"featured_media":9830,"comment_status":"","ping_status":"","sticky":false,"template":"","format":"standard","meta":{"footnotes":""},"categories":[3],"tags":[],"class_list":["post-9831","post","type-post","status-publish","format-standard","has-post-thumbnail","hentry","category-noticias"],"_links":{"self":[{"href":"https:\/\/hostnetart.com.br\/baixada\/wp-json\/wp\/v2\/posts\/9831","targetHints":{"allow":["GET"]}}],"collection":[{"href":"https:\/\/hostnetart.com.br\/baixada\/wp-json\/wp\/v2\/posts"}],"about":[{"href":"https:\/\/hostnetart.com.br\/baixada\/wp-json\/wp\/v2\/types\/post"}],"author":[{"embeddable":true,"href":"https:\/\/hostnetart.com.br\/baixada\/wp-json\/wp\/v2\/users\/2"}],"replies":[{"embeddable":true,"href":"https:\/\/hostnetart.com.br\/baixada\/wp-json\/wp\/v2\/comments?post=9831"}],"version-history":[{"count":0,"href":"https:\/\/hostnetart.com.br\/baixada\/wp-json\/wp\/v2\/posts\/9831\/revisions"}],"wp:featuredmedia":[{"embeddable":true,"href":"https:\/\/hostnetart.com.br\/baixada\/wp-json\/wp\/v2\/media\/9830"}],"wp:attachment":[{"href":"https:\/\/hostnetart.com.br\/baixada\/wp-json\/wp\/v2\/media?parent=9831"}],"wp:term":[{"taxonomy":"category","embeddable":true,"href":"https:\/\/hostnetart.com.br\/baixada\/wp-json\/wp\/v2\/categories?post=9831"},{"taxonomy":"post_tag","embeddable":true,"href":"https:\/\/hostnetart.com.br\/baixada\/wp-json\/wp\/v2\/tags?post=9831"}],"curies":[{"name":"wp","href":"https:\/\/api.w.org\/{rel}","templated":true}]}}