{"id":983,"date":"2015-06-25T14:23:00","date_gmt":"2015-06-25T17:23:00","guid":{"rendered":"https:\/\/hostnetart.com.br\/baixada\/contraf-cut-discute-gt-do-adoecimento-com-fenaban-nesta-quinta\/"},"modified":"2015-06-25T14:23:00","modified_gmt":"2015-06-25T17:23:00","slug":"contraf-cut-discute-gt-do-adoecimento-com-fenaban-nesta-quinta","status":"publish","type":"post","link":"https:\/\/hostnetart.com.br\/baixada\/contraf-cut-discute-gt-do-adoecimento-com-fenaban-nesta-quinta\/","title":{"rendered":"Contraf-CUT discute GT do Adoecimento com Fenaban nesta quinta"},"content":{"rendered":"<p>A Contraf-CUT, federa\u00e7\u00f5es e sindicatos retomam nesta semana, com a Fenaban, as mesas tem\u00e1ticas de Sa\u00fade do Trabalhador. A primeira reuni\u00e3o, marcada para esta quinta-feira (25), discutir\u00e1 o GT do Adoecimento. O grupo de trabalho bipartite tem a fun\u00e7\u00e3o de analisar as causas dos afastamentos dos empregados do ramo financeiro, conforme a Cl\u00e1usula 62\u00aa da Conven\u00e7\u00e3o Coletiva de Trabalho (CCT). Na segunda reuni\u00e3o, que ocorrer\u00e1 nesta sexta-feira (26), os banc\u00e1rios ir\u00e3o avaliar o Instrumento de Combate ao Ass\u00e9dio Moral, previsto na cl\u00e1usula 56\u00aa da CCT.<\/p>\n<p>O secret\u00e1rio de Sa\u00fade do Trabalhador da Contra-CUT , Walcir Previtale, ressalta que \u00e9 um debate extremamente importante para os banc\u00e1rios, que est\u00e3o entre os profissionais com maior n\u00famero de casos de adoecimento relacionados ao trabalho. <\/p>\n<p>\u201cNa \u00faltima mesa de sa\u00fade com os bancos cobramos mais empenho no combate ao ass\u00e9dio moral e \u00e0s causas de afastamento dos banc\u00e1rios. H\u00e1 muitas falhas no tr\u00e2nsito das informa\u00e7\u00f5es encaminhadas, no retorno dado pelo banco e na resolu\u00e7\u00e3o dos casos\u201d, avalia Walcir. <\/p>\n<p>Nesta quarta-feira (24), dirigentes sindicais se reuniram na sede da Confedera\u00e7\u00e3o, em S\u00e3o Paulo, para discutir as demandas da negocia\u00e7\u00e3o com a Fenaban. O mesmo acontecer\u00e1 na sexta-feira, pela manh\u00e3, antes da mesa sobre o Instrumento de Combate ao Ass\u00e9dio Moral. <\/p>\n<p><strong>Adoecimento<\/strong><\/p>\n<p>No ramo financeiro, as doen\u00e7as relacionadas \u00e0 sa\u00fade mental j\u00e1 superam as do sistema osteomuscular e do tecido conjuntivo, as chamadas LER\/Dort. Em 2013, foram 18.671 afastamentos de banc\u00e1rios por problemas de sa\u00fade. Do total de aux\u00edlios-doen\u00e7a acident\u00e1rios concedidos pelo INSS, 52,7% tiveram como causas principais os transtornos mentais e as doen\u00e7as do sistema nervoso. Isso significa dizer que, de cada dez banc\u00e1rios doentes, cinco s\u00e3o por depress\u00e3o. <\/p>\n<p>\u201cPress\u00e3o e autoritarismo favorecem o surgimento de doen\u00e7as. Estudos publicados detectaram que o ritmo intenso de trabalho, as metas estabelecidas sem a participa\u00e7\u00e3o dos trabalhadores e imposs\u00edveis de serem cumpridas, induzem os banc\u00e1rios a ultrapassarem seus limites\u201d, ressalta o secret\u00e1rio. <\/p>\n<p>Fonte: Contraf-CUT<\/p>\n","protected":false},"excerpt":{"rendered":"<p>A Contraf-CUT, federa\u00e7\u00f5es e sindicatos retomam nesta semana, com a Fenaban, as mesas tem\u00e1ticas de Sa\u00fade do Trabalhador. A primeira reuni\u00e3o, marcada para esta quinta-feira (25), discutir\u00e1 o GT do Adoecimento. O grupo de trabalho bipartite tem a fun\u00e7\u00e3o de analisar as causas dos afastamentos dos empregados do ramo financeiro, conforme a Cl\u00e1usula 62\u00aa da [&hellip;]<\/p>\n","protected":false},"author":1,"featured_media":982,"comment_status":"","ping_status":"","sticky":false,"template":"","format":"standard","meta":{"footnotes":""},"categories":[3],"tags":[],"class_list":["post-983","post","type-post","status-publish","format-standard","has-post-thumbnail","hentry","category-noticias"],"_links":{"self":[{"href":"https:\/\/hostnetart.com.br\/baixada\/wp-json\/wp\/v2\/posts\/983","targetHints":{"allow":["GET"]}}],"collection":[{"href":"https:\/\/hostnetart.com.br\/baixada\/wp-json\/wp\/v2\/posts"}],"about":[{"href":"https:\/\/hostnetart.com.br\/baixada\/wp-json\/wp\/v2\/types\/post"}],"author":[{"embeddable":true,"href":"https:\/\/hostnetart.com.br\/baixada\/wp-json\/wp\/v2\/users\/1"}],"replies":[{"embeddable":true,"href":"https:\/\/hostnetart.com.br\/baixada\/wp-json\/wp\/v2\/comments?post=983"}],"version-history":[{"count":0,"href":"https:\/\/hostnetart.com.br\/baixada\/wp-json\/wp\/v2\/posts\/983\/revisions"}],"wp:featuredmedia":[{"embeddable":true,"href":"https:\/\/hostnetart.com.br\/baixada\/wp-json\/wp\/v2\/media\/982"}],"wp:attachment":[{"href":"https:\/\/hostnetart.com.br\/baixada\/wp-json\/wp\/v2\/media?parent=983"}],"wp:term":[{"taxonomy":"category","embeddable":true,"href":"https:\/\/hostnetart.com.br\/baixada\/wp-json\/wp\/v2\/categories?post=983"},{"taxonomy":"post_tag","embeddable":true,"href":"https:\/\/hostnetart.com.br\/baixada\/wp-json\/wp\/v2\/tags?post=983"}],"curies":[{"name":"wp","href":"https:\/\/api.w.org\/{rel}","templated":true}]}}