{"id":9829,"date":"2020-10-20T17:31:43","date_gmt":"2020-10-20T20:31:43","guid":{"rendered":"https:\/\/hostnetart.com.br\/baixada\/outubro-rosa-uma-campanha-que-salva-vidas\/"},"modified":"2020-10-20T17:31:43","modified_gmt":"2020-10-20T20:31:43","slug":"outubro-rosa-uma-campanha-que-salva-vidas","status":"publish","type":"post","link":"https:\/\/hostnetart.com.br\/baixada\/outubro-rosa-uma-campanha-que-salva-vidas\/","title":{"rendered":"Outubro Rosa, uma campanha que salva vidas"},"content":{"rendered":"<p>Durante todo este m\u00eas, in\u00fameras entidades e movimentos sociais chamaram a aten\u00e7\u00e3o da sociedade sobre o Outubro Rosa, uma campanha anual realizada mundialmente para alertar sobre a import\u00e2ncia de se fazer o diagn\u00f3stico precoce do c\u00e2ncer de mama. O objetivo \u00e9 divulgar ao m\u00e1ximo as informa\u00e7\u00f5es e destacar a import\u00e2ncia se de lutar pelo direito \u00e0 sa\u00fade, por atendimento m\u00e9dico e o suporte emocional.<\/p>\n<p>A Confedera\u00e7\u00e3o Nacional dos Trabalhadores do Ramo Financeiro (Contraf-CUT) participa dessa campanha para encorajar mulheres a realizarem seus exames preventivos. A informa\u00e7\u00e3o \u00e9 fundamental para a preven\u00e7\u00e3o. Tamb\u00e9m \u00e9 importante que as mulheres fa\u00e7am o autoexame, para detectar poss\u00edveis altera\u00e7\u00f5es na mama. A secret\u00e1ria da Mulher da Contraf-CUT, Elaine Cutis, destaca a import\u00e2ncia do autoexame. \u201cA conscientiza\u00e7\u00e3o das pessoas e os cuidados para a preven\u00e7\u00e3o podem salvar vidas\u201d, ressalta Elaine. A recomenda\u00e7\u00e3o da Organiza\u00e7\u00e3o Mundial da Sa\u00fade (OMS) \u00e9 a realiza\u00e7\u00e3o da mamografia de rastreamento (quando n\u00e3o h\u00e1 sinais nem sintomas) em mulheres de 50 a 69 anos, uma vez a cada dois anos.<\/p>\n<p><strong>Cura<\/strong><\/p>\n<p>A preven\u00e7\u00e3o aumenta muito as chances de cura e 95% dos casos identificados em est\u00e1gio inicial t\u00eam possibilidade de cura. Da\u00ed a import\u00e2ncia da mamografia, o principal m\u00e9todo para o rastreamento da doen\u00e7a. De acordo com o Instituto Nacional de C\u00e2ncer, o c\u00e2ncer de mama \u00e9 o que mais causa morte entre mulheres no pa\u00eds. A OMS constsata que \u00e9 o quinto c\u00e2ncer que mais mata no mundo, vitimando anualmente mais de 600 mil mulheres.<\/p>\n<p>A Organiza\u00e7\u00e3o Pan americana de Sa\u00fade destaca que, nas Am\u00e9ricas, o c\u00e2ncer de mama \u00e9 o mais comum entre as mulheres, sendo a segunda principal causa de morte entre esse p\u00fablico. Dados do Instituto Nacional de C\u00e2ncer estimam neste ano o registro de mais de 60 mil casos de c\u00e2ncer de mama no Brasil.<\/p>\n<p><strong>Como nasceu o Outubro Rosa<\/strong><\/p>\n<p>O Outubro Rosa nasceu nos Estados Unidos, na d\u00e9cada de 1990, para estimular a participa\u00e7\u00e3o da popula\u00e7\u00e3o no controle do c\u00e2ncer de mama. A data \u00e9 celebrada anualmente com o objetivo de compartilhar informa\u00e7\u00f5es sobre o c\u00e2ncer de mama e promover a conscientiza\u00e7\u00e3o sobre a import\u00e2ncia da detec\u00e7\u00e3o precoce da doen\u00e7a. No Brasil, a primeira iniciativa marcante ocorreu em S\u00e3o Paulo, no dia 2 de outubro de 2002, quando o Obelisco do Ibirapuera foi iluminado com a cor rosa.<\/p>\n<p>A partir de ent\u00e3o, a campanha cresceu por todo o pa\u00eds. Dados do Minist\u00e9rio da Sa\u00fade mostram que o sucesso da campanha Outubro Rosa \u00e9 t\u00e3o grande que aumentou em 37% o n\u00famero de mamografias realizadas no pa\u00eds.<\/p>\n<p><span style=\"text-decoration: underline;\"><strong>Fonte: Contraf-CUT<\/strong><\/span><\/p>\n","protected":false},"excerpt":{"rendered":"<p>Durante todo este m\u00eas, in\u00fameras entidades e movimentos sociais chamaram a aten\u00e7\u00e3o da sociedade sobre o Outubro Rosa, uma campanha anual realizada mundialmente para alertar sobre a import\u00e2ncia de se fazer o diagn\u00f3stico precoce do c\u00e2ncer de mama. O objetivo \u00e9 divulgar ao m\u00e1ximo as informa\u00e7\u00f5es e destacar a import\u00e2ncia se de lutar pelo direito [&hellip;]<\/p>\n","protected":false},"author":2,"featured_media":9828,"comment_status":"","ping_status":"","sticky":false,"template":"","format":"standard","meta":{"footnotes":""},"categories":[3],"tags":[],"class_list":["post-9829","post","type-post","status-publish","format-standard","has-post-thumbnail","hentry","category-noticias"],"_links":{"self":[{"href":"https:\/\/hostnetart.com.br\/baixada\/wp-json\/wp\/v2\/posts\/9829","targetHints":{"allow":["GET"]}}],"collection":[{"href":"https:\/\/hostnetart.com.br\/baixada\/wp-json\/wp\/v2\/posts"}],"about":[{"href":"https:\/\/hostnetart.com.br\/baixada\/wp-json\/wp\/v2\/types\/post"}],"author":[{"embeddable":true,"href":"https:\/\/hostnetart.com.br\/baixada\/wp-json\/wp\/v2\/users\/2"}],"replies":[{"embeddable":true,"href":"https:\/\/hostnetart.com.br\/baixada\/wp-json\/wp\/v2\/comments?post=9829"}],"version-history":[{"count":0,"href":"https:\/\/hostnetart.com.br\/baixada\/wp-json\/wp\/v2\/posts\/9829\/revisions"}],"wp:featuredmedia":[{"embeddable":true,"href":"https:\/\/hostnetart.com.br\/baixada\/wp-json\/wp\/v2\/media\/9828"}],"wp:attachment":[{"href":"https:\/\/hostnetart.com.br\/baixada\/wp-json\/wp\/v2\/media?parent=9829"}],"wp:term":[{"taxonomy":"category","embeddable":true,"href":"https:\/\/hostnetart.com.br\/baixada\/wp-json\/wp\/v2\/categories?post=9829"},{"taxonomy":"post_tag","embeddable":true,"href":"https:\/\/hostnetart.com.br\/baixada\/wp-json\/wp\/v2\/tags?post=9829"}],"curies":[{"name":"wp","href":"https:\/\/api.w.org\/{rel}","templated":true}]}}