{"id":9815,"date":"2020-10-20T13:54:53","date_gmt":"2020-10-20T16:54:53","guid":{"rendered":"https:\/\/hostnetart.com.br\/baixada\/metropoles-precisam-acelerar-politicas-publicas-para-promover-qualidade-de-vida\/"},"modified":"2020-10-20T13:54:53","modified_gmt":"2020-10-20T16:54:53","slug":"metropoles-precisam-acelerar-politicas-publicas-para-promover-qualidade-de-vida","status":"publish","type":"post","link":"https:\/\/hostnetart.com.br\/baixada\/metropoles-precisam-acelerar-politicas-publicas-para-promover-qualidade-de-vida\/","title":{"rendered":"Metr\u00f3poles precisam acelerar pol\u00edticas p\u00fablicas para promover qualidade de vida"},"content":{"rendered":"<p>A forma como recursos p\u00fablicos s\u00e3o investidos\u00a0<a href=\"https:\/\/www.redebrasilatual.com.br\/politica\/2020\/10\/guia-usp-eleicoes-municipais-sustentavel\/\" target=\"_blank\" rel=\"noopener noreferrer\">muda a vida de uma cidade<\/a>. Assim como a qualidade de vida das pessoas que nela habitam. Desta forma, debater um\u00a0<a href=\"https:\/\/fpabramo.org.br\/publicacoes\/estante\/plano-de-reconstrucao-e-transformacao-do-brasil\/\" target=\"_blank\" rel=\"noopener noreferrer\"><em>Plano de Reconstru\u00e7\u00e3o e Transforma\u00e7\u00e3o do Brasil<\/em><\/a>\u00a0tem de ter as cidades como tema central. Essa tarefa, em\u00a0<a href=\"https:\/\/www.redebrasilatual.com.br\/politica\/2020\/10\/plano-reconstruir-brasil-projeto-futuro\/\" target=\"_blank\" rel=\"noopener noreferrer\">semin\u00e1rio<\/a>\u00a0realizado nesta segunda-feira (19), pela Funda\u00e7\u00e3o Perseu Abramo (FPA) e pelo PT, ficou a cargo da soci\u00f3loga In\u00eas da Silva Magalh\u00e3es, ex-ministra das Cidades (2016) e do advogado, ex-prefeito de S\u00e3o Paulo (2013 a 2016), ex-ministro da Educa\u00e7\u00e3o (2005 a 2012), Fernando Haddad.<\/p>\n<p>In\u00eas lembrou avan\u00e7os importantes na gest\u00e3o de Haddad \u00e0 frente da maior cidade do Brasil. E destacou a import\u00e2ncia de a\u00e7\u00f5es colaborativas entre estados, munic\u00edpios e o governo federal. \u201cA\u00e7\u00f5es coordenadas e articuladas s\u00e3o o pano de fundo necess\u00e1rio para construir a agenda do s\u00e9culo 21\u201d, avalia, sendo essa uma das li\u00e7\u00f5es que podem ser tiradas em tempos de coronav\u00edrus. \u201cLuz especial no tema da inova\u00e7\u00e3o, a conectividade. A pandemia colocou o acesso ao wi-fi na agenda do dia\u201d, destacou. Para a ex-ministra, as cidades do s\u00e9culo 21 precisam de programas e projetos n\u00e3o s\u00f3 para dar conta de temas tradicionais. \u201c\u00c9 necess\u00e1rio melhorar a qualidade do acesso aos servi\u00e7os para os mais pobres.\u201d<\/p>\n<p>Os debates conduzidos em torno do tema cidades refor\u00e7am, ainda, a necessidade de medidas emergenciais. \u201cO tema da retomada das obras de PAC e a contrata\u00e7\u00e3o das obras de habita\u00e7\u00e3o para baixa renda, a retomada do programa de urbaniza\u00e7\u00e3o de favelas\u201d, exemplificou a soci\u00f3loga. \u201c\u00c9 inconceb\u00edvel que um pa\u00eds como o Brasil abandone essa agenda. O Minha Casa Minha Vida inaugurou um programa de habita\u00e7\u00e3o para uma parcela da popula\u00e7\u00e3o que n\u00e3o \u00e9 bancarizada. Em um pa\u00eds com 14 milh\u00f5es de desempregados, n\u00e3o \u00e9 razo\u00e1vel que toda a\u00e7\u00e3o seja feita via tomada de cr\u00e9dito banc\u00e1rio.\u201d<\/p>\n<h2><span style=\"text-decoration: underline;\">Maior e mais complexo<\/span><\/h2>\n<p>Haddad fez coro \u00e0 complexidade do tema. \u201cManchas urbanas s\u00e3o cada vez maiores. Temos 22 milh\u00f5es de habitantes na Regi\u00e3o Metropolitana de S\u00e3o Paulo que responde por quase 20% do PIB nacional\u201d, afirmou o ex-prefeito. \u201cA cada R$ 5 produzidos no Brasil inteiro, R$ 1 \u00e9 produzido na Regi\u00e3o Metropolitana de S\u00e3o Paulo\u201d, disse, ressaltando a import\u00e2ncia de seus moradores viverem de maneira a poderem aumentar sua produtividade e a qualidade de vida. \u201cE temos de pensar em escala nacional. A Regi\u00e3o Metropolitana de S\u00e3o Paulo n\u00e3o fica muito na frente do Rio, Salvador, Recife, Fortaleza. S\u00e3o manchas urbanas com milh\u00f5es de habitantes.\u201d<\/p>\n<p>Quanto maior a cidade, mais dif\u00edcil estabelecer pol\u00edticas p\u00fablicas que promovam qualidade de vida no curto prazo. Haddad usou como exemplo a chegada das universidades em cidades m\u00e9dias de todo o Brasil durante os governos de Luiz In\u00e1cio Lula da Silva e Dilma Rousseff. As oportunidades aumentam, livrarias, vida cultural, bares, restaurantes, novos moradores, explicou. \u201cForam centenas de cidades m\u00e9dias que receberam recursos do governo federal na sa\u00fade, educa\u00e7\u00e3o, no combate \u00e0 fome com o Bolsa Fam\u00edlia. Um conjunto de realiza\u00e7\u00f5es que explica o sucesso do PT. Essas cidades responderam (na elei\u00e7\u00e3o de 2018) ao apelo de manter o projeto petista em fun\u00e7\u00e3o dessas transforma\u00e7\u00f5es.\u201d<\/p>\n<h3>Crise e recupera\u00e7\u00e3o<\/h3>\n<p>Assim, para Haddad, um plano de reconstru\u00e7\u00e3o e transforma\u00e7\u00e3o do Brasil precisa levar em conta como acelerar o tempo de impacto das pol\u00edticas p\u00fablicas nacionais nas grandes cidades. \u201cEncontramos uma equa\u00e7\u00e3o depois de 2013 que come\u00e7ou a viabilizar a produ\u00e7\u00e3o de moradia barata na cidade de S\u00e3o Paulo\u201d, lembrou. \u201cMas poucas coisas tiveram a escala necess\u00e1ria para impactar a qualidade de vida no curto prazo. Dif\u00edcil mudar uma metr\u00f3pole no curto prazo.\u201d<\/p>\n<p>As formas de acelera\u00e7\u00e3o, avalia, s\u00e3o complexas. \u201cPodemos aproveitar a crise para fazer uma engenharia com investimentos p\u00fablicos que tenham impacto de curto prazo na ida das pessoas. Um plano de recupera\u00e7\u00e3o para os 40 milh\u00f5es que moram em regi\u00f5es metropolitanas e a necessidade de gera\u00e7\u00e3o de oportunidades no p\u00f3s pandemia.\u201d<\/p>\n<h3>Melhores quadros<\/h3>\n<p>Haddad destacou que o PT tem os melhores quadros pra pensar o urbanismo brasileiro. \u201cA esquerda sempre pensou muito as cidades. A literatura progressista sobre cidades \u00e9 adotada inclusive por prefeitos conservadores. O que significa dizer que tem a qualidade reconhecida por quem \u00e9 inteligente, mas est\u00e1 do outro lado do ponto de vista da macroeconomia.\u201d<\/p>\n<p>In\u00eas manifestou sua preocupa\u00e7\u00e3o diante do que vem por a\u00ed, com a aprova\u00e7\u00e3o de leis, como a que permite a privatiza\u00e7\u00e3o da \u00e1gua. Para ela, uma pol\u00edtica que estimula a privatiza\u00e7\u00e3o n\u00e3o permitir\u00e1 avan\u00e7os nas \u00e1reas de saneamento. \u201cA paralisa\u00e7\u00e3o das obras vai trazer um passivo que prejudicar\u00e1 e tornar\u00e1 mais cara a retomada das obras.\u201d<\/p>\n<p>Para ela, do ponto de vista mais estrutural, \u00e9 importante adotar a\u00e7\u00f5es que viabilizem um novo padr\u00e3o de produ\u00e7\u00e3o das cidades. \u201cUm modelo mais justo, mais sustent\u00e1vel, com \u00e1reas de cria\u00e7\u00e3o de novos centros. Alterar a matriz do transporte p\u00fablico, aumentar o financiamento em transporte de alta capacidade. Tamb\u00e9m retomar e fazer parcerias com os munic\u00edpios respons\u00e1veis pela pol\u00edtica urbana, de forma que pratiquem justi\u00e7a tributaria, com IPTU progressivo para im\u00f3veis vazios, pol\u00edtica de Zonas Especiais de Interesse Social. Um padr\u00e3o de reprodu\u00e7\u00e3o das cidades que n\u00e3o seja aumentar o per\u00edmetro urbano\u201d, elencou.<\/p>\n<p>\u201cAs cidades do s\u00e9culo 21 t\u00eam de ser pensadas de forma que o desenvolvimento urbano esteja conectado com a\u00a0<a href=\"https:\/\/www.redebrasilatual.com.br\/politica\/2020\/10\/erminia-maricato-especulacao-imobiliaria-impede-cinturoes-agroecologicos-nas-cidades\/\" target=\"_blank\" rel=\"noopener noreferrer\">agricultura urbana<\/a>, para fornecer o alimento da merenda, por exemplo, via agricultura familiar e agroecol\u00f3gica. Nossa plataforma de cidades sustent\u00e1veis engloba coisas que j\u00e1 foram implementadas e incentivadas pelos governos petistas.\u201d<\/p>\n<p><strong>Fonte: Rede Brasil Atual<\/strong><\/p>\n","protected":false},"excerpt":{"rendered":"<p>A forma como recursos p\u00fablicos s\u00e3o investidos\u00a0muda a vida de uma cidade. Assim como a qualidade de vida das pessoas que nela habitam. Desta forma, debater um\u00a0Plano de Reconstru\u00e7\u00e3o e Transforma\u00e7\u00e3o do Brasil\u00a0tem de ter as cidades como tema central. Essa tarefa, em\u00a0semin\u00e1rio\u00a0realizado nesta segunda-feira (19), pela Funda\u00e7\u00e3o Perseu Abramo (FPA) e pelo PT, ficou [&hellip;]<\/p>\n","protected":false},"author":2,"featured_media":9814,"comment_status":"","ping_status":"","sticky":false,"template":"","format":"standard","meta":{"footnotes":""},"categories":[3],"tags":[],"class_list":["post-9815","post","type-post","status-publish","format-standard","has-post-thumbnail","hentry","category-noticias"],"_links":{"self":[{"href":"https:\/\/hostnetart.com.br\/baixada\/wp-json\/wp\/v2\/posts\/9815","targetHints":{"allow":["GET"]}}],"collection":[{"href":"https:\/\/hostnetart.com.br\/baixada\/wp-json\/wp\/v2\/posts"}],"about":[{"href":"https:\/\/hostnetart.com.br\/baixada\/wp-json\/wp\/v2\/types\/post"}],"author":[{"embeddable":true,"href":"https:\/\/hostnetart.com.br\/baixada\/wp-json\/wp\/v2\/users\/2"}],"replies":[{"embeddable":true,"href":"https:\/\/hostnetart.com.br\/baixada\/wp-json\/wp\/v2\/comments?post=9815"}],"version-history":[{"count":0,"href":"https:\/\/hostnetart.com.br\/baixada\/wp-json\/wp\/v2\/posts\/9815\/revisions"}],"wp:featuredmedia":[{"embeddable":true,"href":"https:\/\/hostnetart.com.br\/baixada\/wp-json\/wp\/v2\/media\/9814"}],"wp:attachment":[{"href":"https:\/\/hostnetart.com.br\/baixada\/wp-json\/wp\/v2\/media?parent=9815"}],"wp:term":[{"taxonomy":"category","embeddable":true,"href":"https:\/\/hostnetart.com.br\/baixada\/wp-json\/wp\/v2\/categories?post=9815"},{"taxonomy":"post_tag","embeddable":true,"href":"https:\/\/hostnetart.com.br\/baixada\/wp-json\/wp\/v2\/tags?post=9815"}],"curies":[{"name":"wp","href":"https:\/\/api.w.org\/{rel}","templated":true}]}}