{"id":9813,"date":"2020-10-19T11:47:36","date_gmt":"2020-10-19T14:47:36","guid":{"rendered":"https:\/\/hostnetart.com.br\/baixada\/campanha-contra-as-demissoes-agita-as-redes-sociais-e-a-midia\/"},"modified":"2020-10-19T11:47:36","modified_gmt":"2020-10-19T14:47:36","slug":"campanha-contra-as-demissoes-agita-as-redes-sociais-e-a-midia","status":"publish","type":"post","link":"https:\/\/hostnetart.com.br\/baixada\/campanha-contra-as-demissoes-agita-as-redes-sociais-e-a-midia\/","title":{"rendered":"Campanha contra as demiss\u00f5es agita as redes sociais e a m\u00eddia"},"content":{"rendered":"<p>O in\u00edcio da Campanha Nacional Contra as Demiss\u00f5es nos Bancos Privados come\u00e7ou nesta quinta-feira (15) com protestos e repercuss\u00f5es na m\u00eddia e nas redes sociais. Reportagens, protestos digitais e entrevistas marcaram a a\u00e7\u00e3o do movimento sindical banc\u00e1rio. \u00c0s 16h, houve o tuita\u00e7o com a hashtag #QuemLucraN\u00e3oDemite, que movimentou tanto a categoria banc\u00e1ria como a popula\u00e7\u00e3o em todo o pa\u00eds.<\/p>\n<p>No in\u00edcio da noite, a TVT fez reportagem sobre a campanha. O rep\u00f3rter J\u00f4 Miyagui, autor da reportagem, informou que os tr\u00eas maiores bancos privados, Ita\u00fa, Bradesco e Santander tiveram juntos um lucro de R$ 21,7 bilh\u00f5es no primeiro semestre deste ano. As demiss\u00f5es, de acordo com a reportagem, atingiram 2.600 trabalhadores.<\/p>\n<p>\u201cN\u00e3o adianta os bancos privados fazerem marketing para a popula\u00e7\u00e3o, para dizer que eles t\u00eam um comportamento bom, que t\u00eam linha de cr\u00e9dito social. O marketing mais importante \u00e9 garantir os empregos. \u00c9 o gesto que a sociedade precisa nesse momento. \u00c9 o melhor marketing nesse momento. Empresa que lucra n\u00e3o pode demitir\u201d, disse a presidenta da Confedera\u00e7\u00e3o Nacional dos Trabalhadores do Ramo Financeiro (Contraf-CUT), Juvandia Moreira.<\/p>\n<p>Al\u00e9m dos tr\u00eas grandes bancos, outras institui\u00e7\u00f5es financeiras tamb\u00e9m descumpriram o acordo do come\u00e7o do ano. \u201cTamb\u00e9m t\u00eam bancos pequenos como o Carrefour, o Banco Original, o C6 e outros bancos pequenos que come\u00e7aram tamb\u00e9m. A gente resolveu fazer uma campanha unificada, contra todos os bancos do sistema financeiro, expondo para a sociedade que \u00e9 uma covardia demitir na pandemia\u201d, afirmou a secret\u00e1ria geral do Sindicato dos Banc\u00e1rios de S\u00e3o Paulo, Osasco e Regi\u00e3o, Neiva Ribeiro.<\/p>\n<p>Para ver a reportagem da TVT, clique\u00a0<strong><a href=\"https:\/\/www.youtube.com\/watch?v=0sJDfOIX98g&amp;feature=youtu.be\">aqui<\/a><\/strong>.<\/p>\n<p>Madruga Banc\u00e1rio<\/p>\n<p>Ap\u00f3s a reportagem da TVT, a campanha contra as demiss\u00f5es tamb\u00e9m foi pauta da live no Madruga Banc\u00e1rio, perfil do Instagram (@madrugabanc\u00e1rio) bastante popular entre a categoria banc\u00e1ria. Em um bate papo com o Madruga, Juvandia explicou como surgiu o acordo para n\u00e3o demitir durante a pandemia, firmado com a Federa\u00e7\u00e3o Nacional dos Bancos (Fenaban), no primeiro semestre de 2020. \u201cCobramos equipamento e tamb\u00e9m a suspens\u00e3o das demiss\u00f5es porque mais importante era garantir o emprego. O desemprego j\u00e1 estava alto. Cobramos e os grandes bancos se comprometeram. Eles falaram que era um compromisso de mesa e que n\u00e3o queriam se comprometer com data. Mas, o acordo era de n\u00e3o demitir na pandemia. A pandemia n\u00e3o acabou e o compromisso est\u00e1 colocado\u201d, relatou a presidenta da Contraf-CUT.<\/p>\n<p>Al\u00e9m do rompimento do acordo, Juvandia tamb\u00e9m destacou na conversa com o Madruga Banc\u00e1rio os danos para a economia que representam as demiss\u00f5es. \u201c\u00c9 uma irresponsabilidade social. Quanto mais gente empregada, mais elas v\u00e3o ter recursos para fazer a economia girar. Isso \u00e9 importante para o pa\u00eds. Voc\u00ea v\u00ea que o aux\u00edlio emergencial foi fundamental nesse momento de crise. Se n\u00e3o fosse isso, estar\u00edamos em uma situa\u00e7\u00e3o muito pior. Quando as pessoas t\u00eam menos renda, o governo arrecada menos tamb\u00e9m. Se todas as empresas come\u00e7arem a demitir, a economia vai encolher cada vez mais\u201d, alertou a presidenta da Contraf-CUT.<\/p>\n<p>Leia mais:<\/p>\n<p><a href=\"https:\/\/contrafcut.com.br\/noticias\/bancarios-protestam-contra-demissoes\/\">Banc\u00e1rios protestam contra demiss\u00f5es<\/a><\/p>\n<p><strong>Fonte: Contraf-CUT<\/strong><\/p>\n","protected":false},"excerpt":{"rendered":"<p>O in\u00edcio da Campanha Nacional Contra as Demiss\u00f5es nos Bancos Privados come\u00e7ou nesta quinta-feira (15) com protestos e repercuss\u00f5es na m\u00eddia e nas redes sociais. Reportagens, protestos digitais e entrevistas marcaram a a\u00e7\u00e3o do movimento sindical banc\u00e1rio. \u00c0s 16h, houve o tuita\u00e7o com a hashtag #QuemLucraN\u00e3oDemite, que movimentou tanto a categoria banc\u00e1ria como a popula\u00e7\u00e3o [&hellip;]<\/p>\n","protected":false},"author":2,"featured_media":9812,"comment_status":"","ping_status":"","sticky":false,"template":"","format":"standard","meta":{"footnotes":""},"categories":[3],"tags":[],"class_list":["post-9813","post","type-post","status-publish","format-standard","has-post-thumbnail","hentry","category-noticias"],"_links":{"self":[{"href":"https:\/\/hostnetart.com.br\/baixada\/wp-json\/wp\/v2\/posts\/9813","targetHints":{"allow":["GET"]}}],"collection":[{"href":"https:\/\/hostnetart.com.br\/baixada\/wp-json\/wp\/v2\/posts"}],"about":[{"href":"https:\/\/hostnetart.com.br\/baixada\/wp-json\/wp\/v2\/types\/post"}],"author":[{"embeddable":true,"href":"https:\/\/hostnetart.com.br\/baixada\/wp-json\/wp\/v2\/users\/2"}],"replies":[{"embeddable":true,"href":"https:\/\/hostnetart.com.br\/baixada\/wp-json\/wp\/v2\/comments?post=9813"}],"version-history":[{"count":0,"href":"https:\/\/hostnetart.com.br\/baixada\/wp-json\/wp\/v2\/posts\/9813\/revisions"}],"wp:featuredmedia":[{"embeddable":true,"href":"https:\/\/hostnetart.com.br\/baixada\/wp-json\/wp\/v2\/media\/9812"}],"wp:attachment":[{"href":"https:\/\/hostnetart.com.br\/baixada\/wp-json\/wp\/v2\/media?parent=9813"}],"wp:term":[{"taxonomy":"category","embeddable":true,"href":"https:\/\/hostnetart.com.br\/baixada\/wp-json\/wp\/v2\/categories?post=9813"},{"taxonomy":"post_tag","embeddable":true,"href":"https:\/\/hostnetart.com.br\/baixada\/wp-json\/wp\/v2\/tags?post=9813"}],"curies":[{"name":"wp","href":"https:\/\/api.w.org\/{rel}","templated":true}]}}