{"id":9809,"date":"2020-10-16T13:11:02","date_gmt":"2020-10-16T16:11:02","guid":{"rendered":"https:\/\/hostnetart.com.br\/baixada\/jornada-contra-a-fome-tera-atos-nesta-sexta-e-sabado-em-todo-o-pais\/"},"modified":"2020-10-16T13:11:02","modified_gmt":"2020-10-16T16:11:02","slug":"jornada-contra-a-fome-tera-atos-nesta-sexta-e-sabado-em-todo-o-pais","status":"publish","type":"post","link":"https:\/\/hostnetart.com.br\/baixada\/jornada-contra-a-fome-tera-atos-nesta-sexta-e-sabado-em-todo-o-pais\/","title":{"rendered":"Jornada contra a fome ter\u00e1 atos nesta sexta e s\u00e1bado em todo o pa\u00eds"},"content":{"rendered":"<p>O aumento da fome no Brasil, a redu\u00e7\u00e3o do aux\u00edlio emergencial em plena pandemia e os ataques \u00e0 agricultura familiar est\u00e3o no centro dos debates e das a\u00e7\u00f5es da Jornada Nacional de Lutas contra a Fome e por Soberania Alimentar. Por isso, a jornada realiza mais de 100 atividades em 18 estados nesta sexta-feira (16), Dia Mundial da Alimenta\u00e7\u00e3o, e tamb\u00e9m no s\u00e1bado. A jornada, que come\u00e7ou na segunda-feira (12), conta com a participa\u00e7\u00e3o da Via Campesina Brasil, das frente Brasil Popular e Povo Sem Medo, movimentos e organiza\u00e7\u00f5es do Campo Unit\u00e1rio por Terra Trabalho e Dignidade, F\u00f3rum das Centrais Sindicais e o\u00a0<a href=\"https:\/\/www.rendabasica.org.br\/\" target=\"_blank\" rel=\"noopener noreferrer\">Renda B\u00e1sica<\/a>, entre outros.<\/p>\n<p>Entre as atividades para chamar a aten\u00e7\u00e3o para o descaso do governo federal com as popula\u00e7\u00f5es mais vulner\u00e1veis, que colocou o Brasil novamente no\u00a0<a href=\"https:\/\/www.redebrasilatual.com.br\/cidadania\/2020\/09\/inseguranca-alimentar-impeachment-25-milhoes\/\" target=\"_blank\" rel=\"noopener noreferrer\">Mapa da Fome<\/a>\u00a0e pedir o #ForaBolsonaro, est\u00e3o as da Periferia Viva \u2013 articulada pelo Levante Popular da Juventude. Trata-se de uma iniciativa dos movimentos populares das periferias brasileiras que busca articular apoio aos esfor\u00e7os j\u00e1 em curso de mobiliza\u00e7\u00e3o social e vigil\u00e2ncia civil para o enfrentamento \u00e0 pandemia da covid-19.<\/p>\n<p>Tamb\u00e9m est\u00e3o previstas a\u00e7\u00f5es de solidariedade envolvendo a campanha Mutir\u00e3o Contra a Fome. Desde o in\u00edcio da pandemia, essa iniciativa doou mais de 70 toneladas de alimentos para comunidades carentes nas cidades.<\/p>\n<p>Ainda na noite desta quinta-feira, uma live promovida pelo Movimento dos Trabalhadores Rurais Sem Terra (MST) reunir\u00e1 personalidades que dedicam a vida e o trabalho \u00e0 seguran\u00e7a alimentar e ao combate \u00e0 fome. Entre elas, o ex-presidente Luiz In\u00e1cio Lula da Silva e o agr\u00f4nomo Jos\u00e9 Graziano da Silva, ex-presidente do Fundo das Na\u00e7\u00f5es Unidas para a Agricultura e Alimenta\u00e7\u00e3o (FAO). Participam ainda a antrop\u00f3loga Maria Em\u00edlia Pacheco, o l\u00edder do MST Jo\u00e3o Pedro Stedile, a apresentadora Bela Gil e a atriz e ativista Let\u00edcia Sabatella. A\u00a0<strong>RBA<\/strong>\u00a0ter\u00e1 em breve reportagem sobre o evento, transmitido pelo\u00a0<a href=\"https:\/\/www.youtube.com\/watch?v=fqnmIL8uIMs\" target=\"_blank\" rel=\"noopener noreferrer\">canal do MST no YouTube<\/a>.<\/p>\n<h2><span style=\"text-decoration: underline;\">Volta da fome<\/span><\/h2>\n<p>Em todo o mundo, inclusive no Brasil, a fome n\u00e3o para de aumentar. Em 2018, conforme a Organiza\u00e7\u00e3o das Na\u00e7\u00f5es Unidas (ONU), mais de 821 milh\u00f5es de pessoas j\u00e1 passavam fome, em m\u00e9dia uma em cada nove pessoas. O Brasil, que havia sa\u00eddo do Mapa da Fome em 2014, voltou. Dados do IBGE de 2018 indicam 10,3 milh\u00f5es de brasileiros que passa o dia sem fazer todas as refei\u00e7\u00f5es. O quadro foi agravado pela pandemia da covid-19.<\/p>\n<p>O\u00a0<a href=\"https:\/\/mpabrasil.org.br\/noticias\/pequenos-agricultores-lancam-a-jornada-de-lutas-contra-fome-por-soberania-alimentar\/\" target=\"_blank\" rel=\"noopener noreferrer\">Movimento dos Pequenos Agricultores<\/a>\u00a0(MPA) destaca que o cen\u00e1rio de fome, o aumento do desemprego e a carestia dos alimentos fazem parte da pol\u00edtica econ\u00f4mica adotada por Bolsonaro. O governo vetou praticamente toda a Lei Assis Carvalho, com origem no Projeto de Lei 735, o PL da Agricultura Familiar, que garantiam socorro emergencial \u00e0 agricultura camponesa que produz mais de 70% dos alimentos.<\/p>\n<p>Dados do Censo Agr\u00edcola de 2017 indicam que a agricultura familiar responde por 87% da produ\u00e7\u00e3o de mandioca, 70% do feij\u00e3o, 46% do milho, 38% do caf\u00e9, 34% do arroz e 21% do trigo. E tem presen\u00e7a na produ\u00e7\u00e3o de carne, leite e derivados.<\/p>\n<p>Para o MPA, o governo federal \u00e9 respons\u00e1vel pela fome no pa\u00eds. \u201cCom o veto de Jair Bolsonaro \u00e0 Lei Assis Carvalho e o p\u00e9ssimo Plano Safra lan\u00e7ado em junho deste ano, fica evidente a sua falta de compromisso com o povo, com a agricultura familiar e camponesa. Assim, nesta Jornada de Luta, necessitamos demonstrar para sociedade que a sa\u00edda para crise da fome passa pela Agroecologia e pelo apoio e incentivo a agricultura camponesa e familiar\u201d, diz trecho de nota.\u00a0<\/p>\n<hr class=\"wp-block-separator is-style-wide\" \/>\n<h3>Confira manifesto assinado pelas entidades participantes da Jornada contra a fome<\/h3>\n<h4><em>Contra a fome e pelo direito de se alimentar bem<\/em><\/h4>\n<p><em>\u201cMetade da humanidade n\u00e3o come; e a outra metade n\u00e3o dorme, com medo da que n\u00e3o come\u201d. Josu\u00e9 de Castro. em\u00a0<\/em>Geografia da Fome<em>.<\/em><\/p>\n<p><em>A pandemia escancarou as consequ\u00eancias da crise do capital sobre a vida dos trabalhadores e trabalhadoras. Essa crise, pol\u00edtica, econ\u00f4mica, social e ambiental, n\u00e3o \u00e9 provocada por n\u00f3s, mas pelas empresas do capital e por um estado empresarial, repressor. Mas somos n\u00f3s que pagamos a conta e sofremos as consequ\u00eancias.<\/em><\/p>\n<p><em>Somos mais de 13 milh\u00f5es de desempregados e cerca de 40 milh\u00f5es de pessoas que vivem do trabalho informal ou trabalho prec\u00e1rio. O Brasil voltou para o Mapa da Fome, em decorr\u00eancia de gest\u00f5es que ignoram as necessidades reais do povo e para garantir os lucros exorbitantes do capital que n\u00e3o tem p\u00e1tria e menos ainda senso de humanidade. As exporta\u00e7\u00f5es dos produtos brasileiros nada t\u00eam a ver com a solidariedade aos povos de outros pa\u00edses, sen\u00e3o a gan\u00e2ncia, mesmo que falte o que comer ao povo brasileiro.<\/em><\/p>\n<p><em>Esse \u00e9 o quadro que coloca os mais pobres de volta \u00e0 fome.<\/em>\u00a0<em>E que tamb\u00e9m traz problemas para os setores m\u00e9dios.<\/em>\u00a0<em>Pois o pre\u00e7o dos alimentos tem aumentado de forma assustadora, j\u00e1 que o agroneg\u00f3cio produz\u00a0commodities, os supermercados especulam com a fome e as empresas promovem o uso de comidas artificiais que s\u00f3 deixam a popula\u00e7\u00e3o adoecida.<\/em><\/p>\n<h4><em>Depois do golpe<\/em><\/h4>\n<p><em>Em 2018 \u2013 dois anos p\u00f3s o golpe ao governo Dilma Rousseff \u2013 o Brasil j\u00e1 contabilizava 10,3 milh\u00f5es de brasileiros e de brasileiras em situa\u00e7\u00e3o de pobreza ou de extrema pobreza (segundo dados do IBGE). E esta fome n\u00e3o est\u00e1 somente na cidade. Esses n\u00fameros j\u00e1 s\u00e3o infinitamente maiores e imaginemos como estar\u00e1 o povo pobre no pr\u00f3ximo per\u00edodo sujeito \u00e0 alta no pre\u00e7o dos alimentos.<\/em><\/p>\n<p><em>A falta de controle de estoque de alimentos regulado pelo Estado, a exist\u00eancia de um Plano Safra exclusivo para o agroneg\u00f3cio, bem como os vetos \u00e0s medidas de apoio e fortalecimento da Agricultura Familiar e Camponesa, que \u00e9 respons\u00e1vel em produzir comida de verdade, \u00e9 o que tem piorado a situa\u00e7\u00e3o de fome no Brasil<\/em><\/p>\n<p><em>A crueldade das empresas e ind\u00fastrias de alimentos est\u00e1 presente em todos os lugares, do campo, das \u00e1guas, florestas e da cidade. Seja na introdu\u00e7\u00e3o dos agrot\u00f3xicos dentro do modelo produtivo.<\/em>\u00a0<em>Seja na forma como se apresentam os alimentos ultraprocessados que n\u00e3o possuem capacidade de nutrir dos corpos e mentes humanos. Descarta-se o lixo das ind\u00fastrias na boca de nossas crian\u00e7as, e a classe trabalhadora tem sido a mais afetada nisso com menos tempo para o preparo dos alimentos nos grandes centros urbanos.<\/em><\/p>\n<h4><em>Mulheres mais atingidas<\/em><\/h4>\n<p><em>Nesse quadro, as mulheres t\u00eam sido as mais atingidas. Elas s\u00e3o historicamente respons\u00e1veis pela alimenta\u00e7\u00e3o das fam\u00edlias. E por isso t\u00eam que lidar com o combate \u00e0 fome, buscando formas de colocar comida na mesa, lidando com a falta de emprego, pois foram as que mais perderam o emprego com as crises e, ainda, enfrentam uma grave amplia\u00e7\u00e3o da viol\u00eancia. A juventude, em especial a negra, segue morrendo nas periferias das cidades e sem oportunidades de produzir nos seus territ\u00f3rios. Os povos e comunidades tradicionais t\u00eam seus territ\u00f3rios atacados ainda mais, como forma do capital retomar suas taxas de lucro.\u00a0<\/em><\/p>\n<p><em>A natureza tamb\u00e9m tem sido duramente amea\u00e7ada e com ela a vida humana. Imagens de animais selvagens morrendo pelo fogo chocam o mundo inteiro<\/em>.\u00a0<em>Nossas florestas est\u00e3o sendo destru\u00eddas com a \u00fanica fun\u00e7\u00e3o de manter a acumula\u00e7\u00e3o capitalista materializada em sua forma atrasada no agroneg\u00f3cio brasileiro. A resist\u00eancia \u00e9 necess\u00e1ria e deve se dar entre todos que acreditam numa sociedade mais justa, onde todos possam comer e viver com dignidade.<\/em><\/p>\n<p><em>Seguimos afirmando que a agricultura familiar e camponesa \u00e9 o alicerce para a soberania alimentar de uma na\u00e7\u00e3o. Por isso lutamos no campo e na cidade pela defesa dos territ\u00f3rios ind\u00edgenas, quilombolas, camponeses, pesqueiros, dos Fundos e Fecho de Pasto.<\/em>\u00a0<em>Pela constru\u00e7\u00e3o de pol\u00edticas que contemplem desde a produ\u00e7\u00e3o ao consumo. Recha\u00e7amos a expans\u00e3o agr\u00edcola e mineral que avan\u00e7a sobre \u00e1reas de produ\u00e7\u00e3o de alimentos e sobre as florestas e biomas.<\/em><\/p>\n<h4><em><strong>Para combater a fome no Brasil nos comprometemos<\/strong><\/em><\/h4>\n<p><em>1 \u2013 Seguir com todas as a\u00e7\u00f5es de solidariedade humana que t\u00eam ajudado a salvar vidas.<\/em>\u00a0<em>Atrav\u00e9s da partilha do pouco que temos, amenizando a situa\u00e7\u00e3o de fome de muitas fam\u00edlias, principalmente as crian\u00e7as. Nossa solidariedade \u00e9 de classe, ativa e org\u00e2nica para que os povos se organizem a mudar sua realidade de vida.<\/em><\/p>\n<p><em>2 \u2013 Lutar pela derrubada dos Vetos de Bolsonaro \u00e0 Lei de Assis de Carvalho, proposta no PL 735\/2020<\/em>.\u00a0<em>\u00c9 um passo fundamental para ampliar a produ\u00e7\u00e3o de alimentos saud\u00e1veis pela Agricultura Familiar e camponesa.<\/em>\u00a0<em>E para poder disponibilizar esse alimento para quem mais precisa, garantindo renda aos povos, especialmente as mulheres e a juventude.<\/em><\/p>\n<p><em>3 \u2013 Lutar pela retomada constru\u00e7\u00e3o dos estoques p\u00fablicos de alimento URGENTE, para que o Estado regule pre\u00e7os e n\u00e3o deixe faltar os itens b\u00e1sicos para o povo do seu pa\u00eds a exemplo do feij\u00e3o, do arroz, dentre outros. Construir um sistema de abastecimento alimentar. Sabemos que os estoques p\u00fablicos que regulam os pre\u00e7os nas entressafras e nas situa\u00e7\u00f5es de problemas clim\u00e1ticos s\u00e3o decisivos para manter a alimenta\u00e7\u00e3o do povo.<\/em><\/p>\n<p><em>4 \u2013 Enfrentar este governo que tem abertamente decretado a fome para o pa\u00eds. FORA BOLSONARO! A libera\u00e7\u00e3o do Aux\u00edlio Emergencial, que at\u00e9 agora fez a diferen\u00e7a na vida das pessoas, n\u00e3o foi por vontade do governo federal que, na primeira oportunidade que teve, negou o apoio para os agricultores\/as seguirem produzindo alimentos (veto ao PL 735). Reafirmar o direito ao pleno emprego e a uma renda digna \u00e9 materializar o direito de se alimentar bem, com seguran\u00e7a e soberania alimentar.<\/em><\/p>\n<p><em>5 \u2013 Lutar para que todas as pol\u00edticas p\u00fablicas voltadas \u00e0 constru\u00e7\u00e3o da soberania alimentar tenham a capacidade de atender as demandas diferenciadas dos povos e comunidades tradicionais, da juventude e das mulheres, como forma de garantir um desenvolvimento econ\u00f4mico, social e ambiental baseado na agroecologia e na igualdade de condi\u00e7\u00f5es para todos. \u00c9 necess\u00e1rio retomar o Programa de Aquisi\u00e7\u00e3o de Alimentos (PAA).<\/em>\u00a0F<em>ortalecer o Programa Nacional de Alimenta\u00e7\u00e3o Escolar (PNAE).<\/em>\u00a0<em>Ampliar o acesso \u00e0 \u00e1gua para abastecimento humano e para a produ\u00e7\u00e3o de alimentos com cisternas e expandir a rede de restaurantes populares.<\/em><\/p>\n<h4><em>Alimentar a esperan\u00e7a<\/em><\/h4>\n<p><em>N\u00f3s, Movimentos Populares, Entidades e Sindicatos do campo e da cidade vamos continuar lutando e alimentando a esperan\u00e7a. Defendemos um Programa de Renda B\u00e1sica Permanente, Programa de Produ\u00e7\u00e3o de Alimentos Saud\u00e1veis<\/em>. A<em>\u00a0derrubada dos Vetos \u00e0 Lei Assis Carvalho, Programas de Compra de Alimentos com doa\u00e7\u00e3o a quem precisa.<\/em>\u00a0<em>Programa de Gera\u00e7\u00e3o de Empregos, Abastecimento de \u00c1gua e Valoriza\u00e7\u00e3o do Sal\u00e1rio M\u00ednimo.<br \/><\/em><br \/><em>Por isso, neste DIA MUNDIAL EM DEFESA DA ALIMENTA\u00c7\u00c3O, temos a responsabilidade de nos dirigir \u00e0 sociedade brasileira para manifestar nossa grande preocupa\u00e7\u00e3o com a fome que se agrava em nosso pa\u00eds<strong>.<\/strong><\/em><\/p>\n<p><em>A produ\u00e7\u00e3o de alimentos depende da preserva\u00e7\u00e3o ambiental e da biodiversidade dos biomas. Para manter as florestas em p\u00e9, precisamos dos povos do campo, das \u00e1guas e das florestas, VIVOS e em seus TERRIT\u00d3RIOS. N\u00e3o \u00e9 s\u00f3 fogo, \u00e9 capitalismo e destrui\u00e7\u00e3o. Tirem as m\u00e3os das nossas riquezas! Soberania nacional e popular j\u00e1!! Fora Imperialismo!<\/em><\/p>\n<p><em>Alimentar a esperan\u00e7a para alimentar as pessoas!<\/em><\/p>\n<p>\u00a0<\/p>\n<p><strong>Fonte: Rede Brasil Atual<\/strong><\/p>\n","protected":false},"excerpt":{"rendered":"<p>O aumento da fome no Brasil, a redu\u00e7\u00e3o do aux\u00edlio emergencial em plena pandemia e os ataques \u00e0 agricultura familiar est\u00e3o no centro dos debates e das a\u00e7\u00f5es da Jornada Nacional de Lutas contra a Fome e por Soberania Alimentar. Por isso, a jornada realiza mais de 100 atividades em 18 estados nesta sexta-feira (16), [&hellip;]<\/p>\n","protected":false},"author":2,"featured_media":9808,"comment_status":"","ping_status":"","sticky":false,"template":"","format":"standard","meta":{"footnotes":""},"categories":[3],"tags":[],"class_list":["post-9809","post","type-post","status-publish","format-standard","has-post-thumbnail","hentry","category-noticias"],"_links":{"self":[{"href":"https:\/\/hostnetart.com.br\/baixada\/wp-json\/wp\/v2\/posts\/9809","targetHints":{"allow":["GET"]}}],"collection":[{"href":"https:\/\/hostnetart.com.br\/baixada\/wp-json\/wp\/v2\/posts"}],"about":[{"href":"https:\/\/hostnetart.com.br\/baixada\/wp-json\/wp\/v2\/types\/post"}],"author":[{"embeddable":true,"href":"https:\/\/hostnetart.com.br\/baixada\/wp-json\/wp\/v2\/users\/2"}],"replies":[{"embeddable":true,"href":"https:\/\/hostnetart.com.br\/baixada\/wp-json\/wp\/v2\/comments?post=9809"}],"version-history":[{"count":0,"href":"https:\/\/hostnetart.com.br\/baixada\/wp-json\/wp\/v2\/posts\/9809\/revisions"}],"wp:featuredmedia":[{"embeddable":true,"href":"https:\/\/hostnetart.com.br\/baixada\/wp-json\/wp\/v2\/media\/9808"}],"wp:attachment":[{"href":"https:\/\/hostnetart.com.br\/baixada\/wp-json\/wp\/v2\/media?parent=9809"}],"wp:term":[{"taxonomy":"category","embeddable":true,"href":"https:\/\/hostnetart.com.br\/baixada\/wp-json\/wp\/v2\/categories?post=9809"},{"taxonomy":"post_tag","embeddable":true,"href":"https:\/\/hostnetart.com.br\/baixada\/wp-json\/wp\/v2\/tags?post=9809"}],"curies":[{"name":"wp","href":"https:\/\/api.w.org\/{rel}","templated":true}]}}