{"id":9807,"date":"2020-10-16T13:09:36","date_gmt":"2020-10-16T16:09:36","guid":{"rendered":"https:\/\/hostnetart.com.br\/baixada\/bancarios-protestam-contra-demissoes\/"},"modified":"2020-10-16T13:09:36","modified_gmt":"2020-10-16T16:09:36","slug":"bancarios-protestam-contra-demissoes","status":"publish","type":"post","link":"https:\/\/hostnetart.com.br\/baixada\/bancarios-protestam-contra-demissoes\/","title":{"rendered":"Banc\u00e1rios protestam contra demiss\u00f5es"},"content":{"rendered":"<p>Sindicatos de banc\u00e1rios de todo o pa\u00eds realizaram, nesta \u00faltima quinta-feira (15) um Dia Nacional de Luta contra as demiss\u00f5es que est\u00e3o sendo promovidas pelos bancos Bradesco, Ita\u00fa, Mercantil e Santander, em desrespeito ao compromisso que estas institui\u00e7\u00f5es assumiram entre mar\u00e7o e abril de que n\u00e3o promoveriam demiss\u00f5es durante a pandemia.<\/p>\n<p>As demiss\u00f5es come\u00e7aram pelo banco Santander, ainda no in\u00edcio de junho. Como justificativa para as demiss\u00f5es, o banco alega que o compromisso se encerrou em maio e que os banc\u00e1rios s\u00e3o demitidos pelo baixo desempenho. Mas, o Brasil \u00e9 respons\u00e1vel por 32% do lucro mundial do Santander e mesmo ap\u00f3s ter realizado uma provis\u00e3o para cr\u00e9ditos de liquida\u00e7\u00e3o duvidosa (PDD) de R$ 10,4 bilh\u00f5es, o\u00a0<a href=\"https:\/\/contrafcut.com.br\/noticias\/queda-no-lucro-do-santander-viraria-crescimento-de-88-sem-a-pdd\" target=\"_blank\" rel=\"noopener noreferrer\">banco registrou um lucro de R$ 5,989 bilh\u00f5es no primeiro semestre de 2020<\/a>.<\/p>\n<p>\u201cO Santander vem sistematicamente demitindo trabalhadores e trabalhadoras neste momento de descontrole da pandemia do novo coronav\u00edrus no Brasil. Demiss\u00f5es que, inclusive, ferem estabilidades garantidas em legisla\u00e7\u00e3o e conven\u00e7\u00e3o coletiva\/ACT, como, por exemplo, a demiss\u00e3o de gestantes\u201d, disse o secret\u00e1rio de Assuntos Socioecon\u00f4micos e representante da Confedera\u00e7\u00e3o Nacional dos Trabalhadores do Ramo Financeiro (Contraf-CUT) nas negocia\u00e7\u00f5es com o Santander, Mario Raia. \u201cO desrespeito \u00e9 tamanho que, muitas destas demiss\u00f5es s\u00e3o feitas atrav\u00e9s de liga\u00e7\u00f5es telef\u00f4nicas e outras atingem a totalidade de departamentos, com a clara finalidade de terceiriza\u00e7\u00e3o das atividades\u201d, completou.<\/p>\n<h3>#N\u00e3oDemitaMeusPais<\/h3>\n<p>Outro banco que descumpriu o compromisso de n\u00e3o demitir durante a pandemia foi o Ita\u00fa.\u00a0<a href=\"https:\/\/contrafcut.com.br\/noticias\/bancarios-do-itau-lancam-campanha-contra-demissoes?swcfpc=1\" target=\"_blank\" rel=\"noopener noreferrer\">Em uma s\u00f3 tacada, o banco demitiu 130 funcion\u00e1rios<\/a>\u00a0na \u00e1rea de Ve\u00edculos, al\u00e9m de outras que ocorram em ag\u00eancias banc\u00e1rias.<\/p>\n<p>\u201cO banco teve\u00a0<a href=\"https:\/\/contrafcut.com.br\/noticias\/itau-lucra-r-28363-bilhoes-em-2019?swcfpc=1\" target=\"_blank\" rel=\"noopener noreferrer\">lucro l\u00edquido de R$ 28 bilh\u00f5es no ano o passado<\/a>\u00a0e nos seis primeiros meses de 2020,\u00a0<a href=\"https:\/\/contrafcut.com.br\/noticias\/itau-lucra-r-8117-bilhoes-no-1o-semestre-de-2020?swcfpc=1\" target=\"_blank\" rel=\"noopener noreferrer\">mesmo com a pandemia, lucrou R$ 8 bilh\u00f5es<\/a>. Mas, ao mesmo tempo que desenvolveu campanha publicit\u00e1ria para mostrar seu lado humano, demite funcion\u00e1rios durante a maior crise sanit\u00e1ria vivida pelo pa\u00eds nos \u00faltimos 100 anos. Tamanha incoer\u00eancia n\u00e3o pode ficar oculta. Numa hora dessa, o banco precisa mostrar sua responsabilidade com as pessoas, com o pa\u00eds,\u201d afirmou Jair Alves, coordenador da Comiss\u00e3o de Organiza\u00e7\u00e3o de Empresa (COE) do Ita\u00fa.<\/p>\n<h3>Futuro pra quem?<\/h3>\n<p>O Bradesco completa a lista dos tr\u00eas maiores bancos privados do pa\u00eds que descumpriram o compromisso de n\u00e3o demitir durante a pandemia. Em pleno per\u00edodo de pandemia\u00a0<a href=\"https:\/\/contrafcut.com.br\/noticias\/contraf-cut-cobra-reuniao-com-o-bradesco\" target=\"_blank\" rel=\"noopener noreferrer\">o banco demitiu 427 funcion\u00e1rios<\/a>.<\/p>\n<p>Nesta ter\u00e7a-feira (13), os banc\u00e1rios promoveram um tuita\u00e7o contra as demiss\u00f5es com as hashtags #BradescoN\u00e3oDemita #BradescoPenseNoFuturo, em alus\u00e3o \u00e0 campanha publicit\u00e1ria na qual o banco convida quem a v\u00ea a \u201cexperimentar o futuro com o banco\u201d.<\/p>\n<p>\u201cEles fazem campanha falando que est\u00e3o se preparando para o futuro, mas se esquecem de pensar no futuro das fam\u00edlias que est\u00e3o desabrigando neste momento\u201d, finalizou a coordenadora da Comiss\u00e3o de Organiza\u00e7\u00e3o dos Empregados (COE) do Bradesco.<\/p>\n<h3>Mercantil<\/h3>\n<p>Al\u00e9m dos tr\u00eas maiores privados, o Banco Mercantil do Brasil (BMB) tamb\u00e9m descumpre compromisso assumido em negocia\u00e7\u00e3o de n\u00e3o demitir durante a pandemia. O banco anunciou o fechamento das plataformas de servi\u00e7os em Salvador, Bras\u00edlia e Recife e demitiu funcion\u00e1rios, gerando protestos da categoria, que usaram a hashtag #MercantilSemCompromisso.<\/p>\n<p><strong>Fonte: Contraf-CUT<\/strong><\/p>\n","protected":false},"excerpt":{"rendered":"<p>Sindicatos de banc\u00e1rios de todo o pa\u00eds realizaram, nesta \u00faltima quinta-feira (15) um Dia Nacional de Luta contra as demiss\u00f5es que est\u00e3o sendo promovidas pelos bancos Bradesco, Ita\u00fa, Mercantil e Santander, em desrespeito ao compromisso que estas institui\u00e7\u00f5es assumiram entre mar\u00e7o e abril de que n\u00e3o promoveriam demiss\u00f5es durante a pandemia. As demiss\u00f5es come\u00e7aram pelo [&hellip;]<\/p>\n","protected":false},"author":2,"featured_media":9806,"comment_status":"","ping_status":"","sticky":false,"template":"","format":"standard","meta":{"footnotes":""},"categories":[3],"tags":[],"class_list":["post-9807","post","type-post","status-publish","format-standard","has-post-thumbnail","hentry","category-noticias"],"_links":{"self":[{"href":"https:\/\/hostnetart.com.br\/baixada\/wp-json\/wp\/v2\/posts\/9807","targetHints":{"allow":["GET"]}}],"collection":[{"href":"https:\/\/hostnetart.com.br\/baixada\/wp-json\/wp\/v2\/posts"}],"about":[{"href":"https:\/\/hostnetart.com.br\/baixada\/wp-json\/wp\/v2\/types\/post"}],"author":[{"embeddable":true,"href":"https:\/\/hostnetart.com.br\/baixada\/wp-json\/wp\/v2\/users\/2"}],"replies":[{"embeddable":true,"href":"https:\/\/hostnetart.com.br\/baixada\/wp-json\/wp\/v2\/comments?post=9807"}],"version-history":[{"count":0,"href":"https:\/\/hostnetart.com.br\/baixada\/wp-json\/wp\/v2\/posts\/9807\/revisions"}],"wp:featuredmedia":[{"embeddable":true,"href":"https:\/\/hostnetart.com.br\/baixada\/wp-json\/wp\/v2\/media\/9806"}],"wp:attachment":[{"href":"https:\/\/hostnetart.com.br\/baixada\/wp-json\/wp\/v2\/media?parent=9807"}],"wp:term":[{"taxonomy":"category","embeddable":true,"href":"https:\/\/hostnetart.com.br\/baixada\/wp-json\/wp\/v2\/categories?post=9807"},{"taxonomy":"post_tag","embeddable":true,"href":"https:\/\/hostnetart.com.br\/baixada\/wp-json\/wp\/v2\/tags?post=9807"}],"curies":[{"name":"wp","href":"https:\/\/api.w.org\/{rel}","templated":true}]}}