{"id":9803,"date":"2020-10-15T16:33:35","date_gmt":"2020-10-15T19:33:35","guid":{"rendered":"https:\/\/hostnetart.com.br\/baixada\/somente-apos-cobranca-santander-pagara-abono-para-demitidos\/"},"modified":"2020-10-15T16:33:35","modified_gmt":"2020-10-15T19:33:35","slug":"somente-apos-cobranca-santander-pagara-abono-para-demitidos","status":"publish","type":"post","link":"https:\/\/hostnetart.com.br\/baixada\/somente-apos-cobranca-santander-pagara-abono-para-demitidos\/","title":{"rendered":"Somente ap\u00f3s cobran\u00e7a Santander pagar\u00e1 abono para demitidos"},"content":{"rendered":"<p>O banco Santander n\u00e3o estava pagando aos demitidos em setembro o abono \u00fanico de R$ 2 mil previsto na Conven\u00e7\u00e3o Coletiva de Trabalho (CCT) dos banc\u00e1rios rec\u00e9m aprovada. A Confedera\u00e7\u00e3o Nacional dos Trabalhadores do Ramo Financeiro (Contraf-CUT), por meio da Comiss\u00e3o de Organiza\u00e7\u00e3o dos Empregados (COE) cobrou do banco o cumprimento da CCT e o banco pagar\u00e1 aos trabalhadores o que lhes \u00e9 devido. Com isso, os banc\u00e1rios demitidos entre 4 e 30 de setembro deste ano receber\u00e3o o abono \u00fanico, previsto na CCT da categoria. Os desligados n\u00e3o precisam acionar o banco \u2013 o pagamento ser\u00e1 autom\u00e1tico nos pr\u00f3ximos dias.<\/p>\n<p>\u201cA CCT 2020-2022 \u00e9 clara: determina o pagamento do abono \u00fanico no valor de R$ 2 mil a todos os banc\u00e1rios que estavam ativos at\u00e9 31 de agosto deste ano. E o prazo para que os bancos efetuassem esse cr\u00e9dito era at\u00e9 30 de setembro. Portanto, os desligados do Santander em setembro devem receber esse valor imediatamente\u201d, explicou a coordenadora da COE, Lucimara Malaquias.<\/p>\n<h3>Mais desrespeito<\/h3>\n<p>Lucimara lembra tamb\u00e9m que o Santander foi o primeiro dos grandes bancos a descumprir o compromisso assumido em mar\u00e7o de n\u00e3o demitir durante a pandemia, deixando milhares de pais e m\u00e3es de fam\u00edlia sem emprego em plena crise sanit\u00e1ria, mesmo tendo apresentado lucro. \u201cSeria mais absurdo ainda que, al\u00e9m de demitir, o banco ainda deixasse de pagar os direitos devidos a esses trabalhadores, prejudicando-os ainda mais\u201d, criticou a dirigente.<\/p>\n<p>Diante de den\u00fancias de banc\u00e1rios, a\u00a0<a href=\"https:\/\/spbancarios.com.br\/10\/2020\/santander-sindicato-cobra-abono-para-demitidos-em-setembro\" target=\"_blank\" rel=\"noopener noreferrer\">COE enviou of\u00edcio ao banco<\/a>, no in\u00edcio de outubro, cobrando o cumprimento do acordo. \u201cA CCT \u00e9 clara na defini\u00e7\u00e3o do crit\u00e9rio de pagamento do abono, e ao banco s\u00f3 cabe o cumprimento\u201d, destacou Lucimara, acrescentando que a atua\u00e7\u00e3o do movimento sindical na defesa dos direitos da categoria s\u00f3 \u00e9 poss\u00edvel com a parceria dos trabalhadores. \u201cOs banc\u00e1rios devem continuar procurando seus sindicatos para denunciar qualquer irregularidade. \u00c9 essa proximidade dos trabalhadores com a entidade que fortalece nossa categoria\u201d, disse.<\/p>\n<p>Lucimara lembrou, por\u00e9m, que sobre o valor do abono h\u00e1 incid\u00eancia do Imposto de Renda.<\/p>\n<h3><strong>Relembre<\/strong><\/h3>\n<p>A Campanha Nacional dos Banc\u00e1rios 2020 conquistou um\u00a0<a href=\"https:\/\/spbancarios.com.br\/09\/2020\/acordo-assinado-cct-renovada-por-dois-anos-com-reajustes-e-abono\" target=\"_blank\" rel=\"noopener noreferrer\">acordo de dois anos<\/a>\u00a0(2020-2022) que, al\u00e9m de manter todos os direitos da CCT da categoria, determinou para este ano: reajuste de 1,5% sobre sal\u00e1rios, mais abono \u00fanico de R$ 2 mil a todos os banc\u00e1rios; e ainda reposi\u00e7\u00e3o da infla\u00e7\u00e3o para demais verbas como VA, VR, aux\u00edlio-creche\/bab\u00e1 e valores fixos e tetos da PLR. E para 2021: reposi\u00e7\u00e3o da infla\u00e7\u00e3o mais aumento real de 0,5% sobre sal\u00e1rios e demais verbas.<\/p>\n<p><strong>Fonte: Contraf-CUT<\/strong><\/p>\n","protected":false},"excerpt":{"rendered":"<p>O banco Santander n\u00e3o estava pagando aos demitidos em setembro o abono \u00fanico de R$ 2 mil previsto na Conven\u00e7\u00e3o Coletiva de Trabalho (CCT) dos banc\u00e1rios rec\u00e9m aprovada. A Confedera\u00e7\u00e3o Nacional dos Trabalhadores do Ramo Financeiro (Contraf-CUT), por meio da Comiss\u00e3o de Organiza\u00e7\u00e3o dos Empregados (COE) cobrou do banco o cumprimento da CCT e o [&hellip;]<\/p>\n","protected":false},"author":2,"featured_media":9802,"comment_status":"","ping_status":"","sticky":false,"template":"","format":"standard","meta":{"footnotes":""},"categories":[3],"tags":[],"class_list":["post-9803","post","type-post","status-publish","format-standard","has-post-thumbnail","hentry","category-noticias"],"_links":{"self":[{"href":"https:\/\/hostnetart.com.br\/baixada\/wp-json\/wp\/v2\/posts\/9803","targetHints":{"allow":["GET"]}}],"collection":[{"href":"https:\/\/hostnetart.com.br\/baixada\/wp-json\/wp\/v2\/posts"}],"about":[{"href":"https:\/\/hostnetart.com.br\/baixada\/wp-json\/wp\/v2\/types\/post"}],"author":[{"embeddable":true,"href":"https:\/\/hostnetart.com.br\/baixada\/wp-json\/wp\/v2\/users\/2"}],"replies":[{"embeddable":true,"href":"https:\/\/hostnetart.com.br\/baixada\/wp-json\/wp\/v2\/comments?post=9803"}],"version-history":[{"count":0,"href":"https:\/\/hostnetart.com.br\/baixada\/wp-json\/wp\/v2\/posts\/9803\/revisions"}],"wp:featuredmedia":[{"embeddable":true,"href":"https:\/\/hostnetart.com.br\/baixada\/wp-json\/wp\/v2\/media\/9802"}],"wp:attachment":[{"href":"https:\/\/hostnetart.com.br\/baixada\/wp-json\/wp\/v2\/media?parent=9803"}],"wp:term":[{"taxonomy":"category","embeddable":true,"href":"https:\/\/hostnetart.com.br\/baixada\/wp-json\/wp\/v2\/categories?post=9803"},{"taxonomy":"post_tag","embeddable":true,"href":"https:\/\/hostnetart.com.br\/baixada\/wp-json\/wp\/v2\/tags?post=9803"}],"curies":[{"name":"wp","href":"https:\/\/api.w.org\/{rel}","templated":true}]}}