{"id":9797,"date":"2020-10-14T21:45:51","date_gmt":"2020-10-15T00:45:51","guid":{"rendered":"https:\/\/hostnetart.com.br\/baixada\/dia-nacional-de-luta-contra-as-demissoes-sera-nesta-quinta-15\/"},"modified":"2020-10-14T21:45:51","modified_gmt":"2020-10-15T00:45:51","slug":"dia-nacional-de-luta-contra-as-demissoes-sera-nesta-quinta-15","status":"publish","type":"post","link":"https:\/\/hostnetart.com.br\/baixada\/dia-nacional-de-luta-contra-as-demissoes-sera-nesta-quinta-15\/","title":{"rendered":"Dia Nacional de Luta contra as Demiss\u00f5es ser\u00e1 nesta quinta (15)"},"content":{"rendered":"<p>Nesta quinta-feira, dia 15 de outubro, banc\u00e1rias e banc\u00e1rios de todo o Brasil realizar\u00e3o o Dia Nacional de Luta contra as Demiss\u00f5es nos bancos.\u00a0<\/p>\n<p>O Sindicato dos Banc\u00e1rios da Baixada Fluminense percorrer\u00e1 ag\u00eancias para denunciar a postura infeliz dos bancos.\u00a0 \u00a0<\/p>\n<p>Mesmo ferindo estabilidades garantidas em legisla\u00e7\u00e3o e conven\u00e7\u00e3o coletiva\/ACT como, por exemplo, a demiss\u00e3o de banc\u00e1rias gestantes, os bancos Bradesco, Ita\u00fa e Santander vem, sistematicamente, demitindo trabalhadores e trabalhadoras neste momento de descontrole da pandemia do novo coronav\u00edrus no Brasil.<\/p>\n<p>Muitas destas demiss\u00f5es s\u00e3o feitas atrav\u00e9s de liga\u00e7\u00f5es telef\u00f4nicas e outras atingem a totalidade de departamentos, com a clara finalidade de terceiriza\u00e7\u00e3o das atividades.<\/p>\n<p>Ap\u00f3s o debate realizado pelas Comiss\u00f5es de Empresas destes bancos, foi institu\u00eddo o Dia Nacional de Luta, que tem como mote a \u201cDefesa do Emprego e Contra as Demiss\u00f5es\u201d.<\/p>\n<p>A participa\u00e7\u00e3o de todos os sindicatos que comp\u00f5em da base da Federa\u00e7\u00e3o dos Trabalhadores do Ramo Financeiro dos Estados do Rio de Janeiro e Esp\u00edrito Santo, de todas suas diretoras e diretores, assim como de banc\u00e1rias e banc\u00e1rios, \u00e9 de fundamental import\u00e2ncia para os bancos se sensibilizarem e se sentirem pressionados.<\/p>\n<p>Al\u00e9m dos atos, manifesta\u00e7\u00f5es e protestos presenciais, ocupar as redes sociais \u00e9 outra maneira eficaz de atingirmos nosso objetivo neste dia de luta: press\u00e3o nos bancos e fazer com que clientes e funcion\u00e1rios saibam que postura os bancos est\u00e3o tendo nestes tempos de pandemia.<\/p>\n<p>Participem!<\/p>\n<p><strong>Fonte: Fetraf RJ\/ES<\/strong><\/p>\n","protected":false},"excerpt":{"rendered":"<p>Nesta quinta-feira, dia 15 de outubro, banc\u00e1rias e banc\u00e1rios de todo o Brasil realizar\u00e3o o Dia Nacional de Luta contra as Demiss\u00f5es nos bancos.\u00a0 O Sindicato dos Banc\u00e1rios da Baixada Fluminense percorrer\u00e1 ag\u00eancias para denunciar a postura infeliz dos bancos.\u00a0 \u00a0 Mesmo ferindo estabilidades garantidas em legisla\u00e7\u00e3o e conven\u00e7\u00e3o coletiva\/ACT como, por exemplo, a demiss\u00e3o [&hellip;]<\/p>\n","protected":false},"author":2,"featured_media":9796,"comment_status":"","ping_status":"","sticky":false,"template":"","format":"standard","meta":{"footnotes":""},"categories":[3],"tags":[],"class_list":["post-9797","post","type-post","status-publish","format-standard","has-post-thumbnail","hentry","category-noticias"],"_links":{"self":[{"href":"https:\/\/hostnetart.com.br\/baixada\/wp-json\/wp\/v2\/posts\/9797","targetHints":{"allow":["GET"]}}],"collection":[{"href":"https:\/\/hostnetart.com.br\/baixada\/wp-json\/wp\/v2\/posts"}],"about":[{"href":"https:\/\/hostnetart.com.br\/baixada\/wp-json\/wp\/v2\/types\/post"}],"author":[{"embeddable":true,"href":"https:\/\/hostnetart.com.br\/baixada\/wp-json\/wp\/v2\/users\/2"}],"replies":[{"embeddable":true,"href":"https:\/\/hostnetart.com.br\/baixada\/wp-json\/wp\/v2\/comments?post=9797"}],"version-history":[{"count":0,"href":"https:\/\/hostnetart.com.br\/baixada\/wp-json\/wp\/v2\/posts\/9797\/revisions"}],"wp:featuredmedia":[{"embeddable":true,"href":"https:\/\/hostnetart.com.br\/baixada\/wp-json\/wp\/v2\/media\/9796"}],"wp:attachment":[{"href":"https:\/\/hostnetart.com.br\/baixada\/wp-json\/wp\/v2\/media?parent=9797"}],"wp:term":[{"taxonomy":"category","embeddable":true,"href":"https:\/\/hostnetart.com.br\/baixada\/wp-json\/wp\/v2\/categories?post=9797"},{"taxonomy":"post_tag","embeddable":true,"href":"https:\/\/hostnetart.com.br\/baixada\/wp-json\/wp\/v2\/tags?post=9797"}],"curies":[{"name":"wp","href":"https:\/\/api.w.org\/{rel}","templated":true}]}}